{"id":873,"date":"2015-05-07T17:49:40","date_gmt":"2015-05-07T17:49:40","guid":{"rendered":"http:\/\/jaakkoalavuotunki.fi\/wp\/?p=873"},"modified":"2015-05-07T17:49:40","modified_gmt":"2015-05-07T17:49:40","slug":"80-luvun-lapset","status":"publish","type":"post","link":"https:\/\/jaakkoalavuotunki.fi\/wp\/2015\/05\/07\/80-luvun-lapset\/","title":{"rendered":"80-luvun lapset"},"content":{"rendered":"<p>Olen el\u00e4nyt lapsuuteni p\u00e4\u00e4osin 1980-luvulla. Kyseiselt\u00e4 vuosikymmenelt\u00e4 on tarttunut kovalevylle muutamia asioita. Muistan nykyn\u00e4k\u00f6kulmasta tarkasteltuna koomisen kasarityylin ja -pukeutumisen: permikset, numeroa liian isot bleiserit olkatoppauksineen ja neonv\u00e4riset tuulipuvut. Muotia oli my\u00f6s liikkua k\u00e4velykengiss\u00e4 ilman sukkia <strong>Don Johnsonin<\/strong> innoittamana.<\/p>\n<p>Mieleen on j\u00e4\u00e4nyt my\u00f6s Dingon hajoaminen, joka oli iltauutisten p\u00e4\u00e4otsikko lokakuussa 1986. L\u00e4nsinaapurin tukkahevipoppoo Europen The Final Countdown oli vuosikymmenen huikein musiikkijulkaisu. Se nauhoitettiin vinyylilt\u00e4 C-kasetille, joka kului aika nopeasti puhki. Onneksi hyllyss\u00e4 on viel\u00e4 alkuper\u00e4inen albumi odottelemassa tulevia nostalgiailtamia.<\/p>\n<p>Vuosikymmenelt\u00e4 on my\u00f6s vakavampia muistoja. 1980-luvun alku oli suurten rauhanmarssien aikaa. Kylm\u00e4ss\u00e4 sodassa elettiin tuolloin uuden j\u00e4\u00e4kauden vaihetta. Ydinsodan pelko sai ihmisi\u00e4 liikkeelle massoittain ymp\u00e4ri Euroopan.<\/p>\n<p><!--more-->European Nuclear Disarmament (END) -kansanliike vastusti sek\u00e4 Neuvostoliiton ett\u00e4 l\u00e4nnen ydinohjuksia. Suomessa n\u00e4htiin tuolloin kaikkein massiivisimmat mielenosoitukset ydinaseettoman Pohjolan ja Euroopan puolesta.<\/p>\n<p>Neuvostoliitto hajosi vuosikymmenen vaihtuessa ja kylm\u00e4 sota p\u00e4\u00e4ttyi. Yhdysvaltalainen filosofi ja tutkija <strong>Francis Fukyama<\/strong> julkaisi vuonna 1992 teoksen \u201dHistorian loppu\u201d, jossa julistettiin l\u00e4nsimaisen liberaalin demokratian olevan ihmiskunnan ideologisen kehityksen loppupiste. Yleinen mielipide piti kolmannen maailmansodan uhkaa lopullisesti v\u00e4istyneen\u00e4.<\/p>\n<p>Historia ei kuitenkaan p\u00e4\u00e4ttynyt n\u00e4ihin tapahtumiin. Rauhanmarsseja ei en\u00e4\u00e4 marssita ja ydinsodan uhasta ei en\u00e4\u00e4 puhuta, mutta ydinaseet eiv\u00e4t ole kadonneet maailmasta minnek\u00e4\u00e4n.<\/p>\n<p>Maailmassa on yhdeks\u00e4n tunnettua ydinasevaltaa. Ydink\u00e4rkien m\u00e4\u00e4r\u00e4 on v\u00e4hentynyt kylm\u00e4n sodan ajoista, mutta ydinaseiden tuhovoima riitt\u00e4\u00e4 edelleen p\u00e4\u00e4tt\u00e4m\u00e4\u00e4n kaiken el\u00e4m\u00e4n maapallolla. Ne ovat edelleen nopein ja helpoin keino tuhota moderni sivilisaatio.<\/p>\n<p>New Yorkissa alkoi viime viikolla ydinsulkusopimuksen j\u00e4rjestyksess\u00e4\u00e4n 9. tarkastelukonferenssi. Sen l\u00e4ht\u00f6kohdat ovat eritt\u00e4in vaikeat. Ydinaseriisunta ei ole edennyt viime vuosina. Edellinen Ven\u00e4j\u00e4n ja USA:n solmima START-sopimus tehtiin viisi vuotta sitten. T\u00e4m\u00e4n j\u00e4lkeen neuvottelut ovat olleet j\u00e4iss\u00e4.<\/p>\n<p>Ydinaseet ovat palanneet Ukrainan kriisin my\u00f6t\u00e4 takaisin suurvaltaretoriikkaan hiljaisemman kauden j\u00e4lkeen. <strong>Vladimir Putin<\/strong> on muistuttanut viime aikoina useasti Ven\u00e4j\u00e4ll\u00e4 olevan valmius k\u00e4ytt\u00e4\u00e4 ydinaseita. Samaan aikaan Natossa puhutaan avoimesti varautumisesta rajoitettuun ydinsotaan.<\/p>\n<p>Ydinvoiman rauhanomainen ja sotilaallinen k\u00e4ytt\u00f6 ovat tiiviiss\u00e4 yhteydess\u00e4 toisiinsa. T\u00e4st\u00e4 kertoo esimerkiksi se, ett\u00e4 usea uusi ydinasevalta on saanut plutoniumit pommeihinsa pelk\u00e4st\u00e4\u00e4n energian tuottamiseen tarkoitetuista rauhanomaisista koereaktoreista. N\u00e4in on k\u00e4ynyt muun muassa Intiassa ja Pakistanissa.<\/p>\n<p>Pyh\u00e4joella ollaan k\u00e4ynnist\u00e4m\u00e4ss\u00e4 uuden ydinvoimalan rakennusty\u00f6t. Voimalan rakennuttaa ven\u00e4l\u00e4inen ydinenergiakonserni Rosatom, jonka keskeisiin teht\u00e4viin kuuluu my\u00f6s ydinaseiden valmistaminen ja yll\u00e4pito. Samaan aikaan virallinen Suomi on huolissaan Iranin ydinohjelmasta ja m\u00e4\u00e4r\u00e4\u00e4 EU:n kanssa erilaisia pakotteita Ven\u00e4j\u00e4lle Ukrainan tapahtumien takia, mutta t\u00e4st\u00e4 kytk\u00f6ksest\u00e4 ei saisi edes keskustella.<\/p>\n<p>Hein\u00e4kuussa tulee kuluneeksi 70 vuotta maailman ensimm\u00e4isen atomipommin r\u00e4j\u00e4ytt\u00e4misest\u00e4 New Mexicossa. Sysimustana juhlavuonna on aika aktivoida globaali ydinasevastainen rauhanliike uudelleen kaduille. Samaan aikaan meid\u00e4n on saatava aikaan nopeasti uusiutuvaan energiaan pohjaavia energiaratkaisuja, joilla ydinvoiman k\u00e4yt\u00f6st\u00e4 p\u00e4\u00e4st\u00e4\u00e4n kokonaan eroon.<\/p>\n<p><em>Kirjoitus on julkaistu Tien P\u00e4\u00e4ll\u00e4 -kolumnisarjassa Kansan Tahdossa to 7.5.2015.<\/em><\/p>\n","protected":false},"excerpt":{"rendered":"<p>Olen el\u00e4nyt lapsuuteni p\u00e4\u00e4osin 1980-luvulla. Kyseiselt\u00e4 vuosikymmenelt\u00e4 on tarttunut kovalevylle muutamia asioita. Muistan nykyn\u00e4k\u00f6kulmasta tarkasteltuna koomisen kasarityylin ja -pukeutumisen: permikset, numeroa liian isot bleiserit olkatoppauksineen ja neonv\u00e4riset tuulipuvut. Muotia oli my\u00f6s liikkua k\u00e4velykengiss\u00e4 ilman sukkia Don Johnsonin innoittamana. Mieleen on&#46;&#46;&#46;<\/p>\n","protected":false},"author":1,"featured_media":11,"comment_status":"open","ping_status":"open","sticky":false,"template":"","format":"standard","meta":{"om_disable_all_campaigns":false,"_monsterinsights_skip_tracking":false,"_monsterinsights_sitenote_active":false,"_monsterinsights_sitenote_note":"","_monsterinsights_sitenote_category":0,"footnotes":""},"categories":[4,5],"tags":[1117,1119,1118,112,1120,135,1126,476,1127,1124,1125,1121,800,852,1122,880],"class_list":["post-873","post","type-post","status-publish","format-standard","has-post-thumbnail","hentry","category-politiikka","category-yleinen","tag-80-luku","tag-dingo","tag-don-johnson","tag-energiapolitiikka","tag-europe","tag-fennovoima","tag-intia","tag-neuvostoliitto","tag-pakistan","tag-rauhanliike","tag-rosatom","tag-tyylit","tag-usa","tag-venaja","tag-ydinaseet","tag-ydinvoima"],"yoast_head":"<!-- This site is optimized with the Yoast SEO plugin v16.3 - https:\/\/yoast.com\/wordpress\/plugins\/seo\/ -->\n<title>80-luvun lapset - Jaakko Alavuotunki<\/title>\n<meta name=\"robots\" content=\"index, follow, max-snippet:-1, max-image-preview:large, max-video-preview:-1\" \/>\n<link rel=\"canonical\" href=\"https:\/\/jaakkoalavuotunki.fi\/wp\/2015\/05\/07\/80-luvun-lapset\/\" \/>\n<meta property=\"og:locale\" content=\"fi_FI\" \/>\n<meta property=\"og:type\" content=\"article\" \/>\n<meta property=\"og:title\" content=\"80-luvun lapset - Jaakko Alavuotunki\" \/>\n<meta property=\"og:description\" content=\"Olen el\u00e4nyt lapsuuteni p\u00e4\u00e4osin 1980-luvulla. Kyseiselt\u00e4 vuosikymmenelt\u00e4 on tarttunut kovalevylle muutamia asioita. Muistan nykyn\u00e4k\u00f6kulmasta tarkasteltuna koomisen kasarityylin ja -pukeutumisen: permikset, numeroa liian isot bleiserit olkatoppauksineen ja neonv\u00e4riset tuulipuvut. Muotia oli my\u00f6s liikkua k\u00e4velykengiss\u00e4 ilman sukkia Don Johnsonin innoittamana. Mieleen on&#046;&#046;&#046;\" \/>\n<meta property=\"og:url\" content=\"https:\/\/jaakkoalavuotunki.fi\/wp\/2015\/05\/07\/80-luvun-lapset\/\" \/>\n<meta property=\"og:site_name\" content=\"Jaakko Alavuotunki\" \/>\n<meta property=\"article:published_time\" content=\"2015-05-07T17:49:40+00:00\" \/>\n<meta property=\"og:image\" content=\"http:\/\/jaakkoalavuotunki.fi\/wp\/wp-content\/uploads\/2014\/01\/cropped-P8140376.jpg\" \/>\n\t<meta property=\"og:image:width\" content=\"1920\" \/>\n\t<meta property=\"og:image:height\" content=\"386\" \/>\n<meta name=\"twitter:card\" content=\"summary_large_image\" \/>\n<meta name=\"twitter:label1\" content=\"Arvioitu lukuaika\">\n\t<meta name=\"twitter:data1\" content=\"2 minuuttia\">\n<script type=\"application\/ld+json\" class=\"yoast-schema-graph\">{\"@context\":\"https:\/\/schema.org\",\"@graph\":[{\"@type\":\"WebSite\",\"@id\":\"http:\/\/jaakkoalavuotunki.fi\/wp\/#website\",\"url\":\"http:\/\/jaakkoalavuotunki.fi\/wp\/\",\"name\":\"Jaakko Alavuotunki\",\"description\":\"\",\"potentialAction\":[{\"@type\":\"SearchAction\",\"target\":\"http:\/\/jaakkoalavuotunki.fi\/wp\/?s={search_term_string}\",\"query-input\":\"required name=search_term_string\"}],\"inLanguage\":\"fi\"},{\"@type\":\"ImageObject\",\"@id\":\"https:\/\/jaakkoalavuotunki.fi\/wp\/2015\/05\/07\/80-luvun-lapset\/#primaryimage\",\"inLanguage\":\"fi\",\"url\":\"https:\/\/jaakkoalavuotunki.fi\/wp\/wp-content\/uploads\/2014\/01\/cropped-P8140376.jpg\",\"contentUrl\":\"https:\/\/jaakkoalavuotunki.fi\/wp\/wp-content\/uploads\/2014\/01\/cropped-P8140376.jpg\",\"width\":1920,\"height\":386},{\"@type\":\"WebPage\",\"@id\":\"https:\/\/jaakkoalavuotunki.fi\/wp\/2015\/05\/07\/80-luvun-lapset\/#webpage\",\"url\":\"https:\/\/jaakkoalavuotunki.fi\/wp\/2015\/05\/07\/80-luvun-lapset\/\",\"name\":\"80-luvun lapset - Jaakko Alavuotunki\",\"isPartOf\":{\"@id\":\"http:\/\/jaakkoalavuotunki.fi\/wp\/#website\"},\"primaryImageOfPage\":{\"@id\":\"https:\/\/jaakkoalavuotunki.fi\/wp\/2015\/05\/07\/80-luvun-lapset\/#primaryimage\"},\"datePublished\":\"2015-05-07T17:49:40+00:00\",\"dateModified\":\"2015-05-07T17:49:40+00:00\",\"author\":{\"@id\":\"http:\/\/jaakkoalavuotunki.fi\/wp\/#\/schema\/person\/3236d35e8e4150c01e6b6b21a481bca3\"},\"breadcrumb\":{\"@id\":\"https:\/\/jaakkoalavuotunki.fi\/wp\/2015\/05\/07\/80-luvun-lapset\/#breadcrumb\"},\"inLanguage\":\"fi\",\"potentialAction\":[{\"@type\":\"ReadAction\",\"target\":[\"https:\/\/jaakkoalavuotunki.fi\/wp\/2015\/05\/07\/80-luvun-lapset\/\"]}]},{\"@type\":\"BreadcrumbList\",\"@id\":\"https:\/\/jaakkoalavuotunki.fi\/wp\/2015\/05\/07\/80-luvun-lapset\/#breadcrumb\",\"itemListElement\":[{\"@type\":\"ListItem\",\"position\":1,\"item\":{\"@type\":\"WebPage\",\"@id\":\"http:\/\/jaakkoalavuotunki.fi\/wp\/\",\"url\":\"http:\/\/jaakkoalavuotunki.fi\/wp\/\",\"name\":\"Etusivu\"}},{\"@type\":\"ListItem\",\"position\":2,\"item\":{\"@id\":\"https:\/\/jaakkoalavuotunki.fi\/wp\/2015\/05\/07\/80-luvun-lapset\/#webpage\"}}]},{\"@type\":\"Person\",\"@id\":\"http:\/\/jaakkoalavuotunki.fi\/wp\/#\/schema\/person\/3236d35e8e4150c01e6b6b21a481bca3\",\"name\":\"Jaakko\",\"image\":{\"@type\":\"ImageObject\",\"@id\":\"http:\/\/jaakkoalavuotunki.fi\/wp\/#personlogo\",\"inLanguage\":\"fi\",\"url\":\"https:\/\/secure.gravatar.com\/avatar\/df9a64bfa4ea86ddff685fdf1b1f635853236eed4e4d80a304744a27990850bb?s=96&d=mm&r=g\",\"contentUrl\":\"https:\/\/secure.gravatar.com\/avatar\/df9a64bfa4ea86ddff685fdf1b1f635853236eed4e4d80a304744a27990850bb?s=96&d=mm&r=g\",\"caption\":\"Jaakko\"},\"url\":\"https:\/\/jaakkoalavuotunki.fi\/wp\/author\/admin\/\"}]}<\/script>\n<!-- \/ Yoast SEO plugin. -->","_links":{"self":[{"href":"https:\/\/jaakkoalavuotunki.fi\/wp\/wp-json\/wp\/v2\/posts\/873","targetHints":{"allow":["GET"]}}],"collection":[{"href":"https:\/\/jaakkoalavuotunki.fi\/wp\/wp-json\/wp\/v2\/posts"}],"about":[{"href":"https:\/\/jaakkoalavuotunki.fi\/wp\/wp-json\/wp\/v2\/types\/post"}],"author":[{"embeddable":true,"href":"https:\/\/jaakkoalavuotunki.fi\/wp\/wp-json\/wp\/v2\/users\/1"}],"replies":[{"embeddable":true,"href":"https:\/\/jaakkoalavuotunki.fi\/wp\/wp-json\/wp\/v2\/comments?post=873"}],"version-history":[{"count":1,"href":"https:\/\/jaakkoalavuotunki.fi\/wp\/wp-json\/wp\/v2\/posts\/873\/revisions"}],"predecessor-version":[{"id":874,"href":"https:\/\/jaakkoalavuotunki.fi\/wp\/wp-json\/wp\/v2\/posts\/873\/revisions\/874"}],"wp:featuredmedia":[{"embeddable":true,"href":"https:\/\/jaakkoalavuotunki.fi\/wp\/wp-json\/wp\/v2\/media\/11"}],"wp:attachment":[{"href":"https:\/\/jaakkoalavuotunki.fi\/wp\/wp-json\/wp\/v2\/media?parent=873"}],"wp:term":[{"taxonomy":"category","embeddable":true,"href":"https:\/\/jaakkoalavuotunki.fi\/wp\/wp-json\/wp\/v2\/categories?post=873"},{"taxonomy":"post_tag","embeddable":true,"href":"https:\/\/jaakkoalavuotunki.fi\/wp\/wp-json\/wp\/v2\/tags?post=873"}],"curies":[{"name":"wp","href":"https:\/\/api.w.org\/{rel}","templated":true}]}}