{"id":352,"date":"2013-08-22T07:00:46","date_gmt":"2013-08-22T05:00:46","guid":{"rendered":"http:\/\/jaakkoalavuotunki.ehdokkaasi.fi\/2013\/08\/22\/avoin-kirje-sosiaali-ja-terveysministeri-paula-risikolle\/"},"modified":"2014-01-09T09:19:48","modified_gmt":"2014-01-09T09:19:48","slug":"avoin-kirje-sosiaali-ja-terveysministeri-paula-risikolle","status":"publish","type":"post","link":"https:\/\/jaakkoalavuotunki.fi\/wp\/2013\/08\/22\/avoin-kirje-sosiaali-ja-terveysministeri-paula-risikolle\/","title":{"rendered":"Avoin kirje sosiaali- ja terveysministeri Paula Risikolle"},"content":{"rendered":"<p>Olemme t\u00f6rm\u00e4nneet t\u00e4n\u00e4 vuonna monta kertaa Pohjois-Pohjanmaalla tapauksiin, joissa pienituloisten kuntap\u00e4\u00e4tt\u00e4jien sosiaalietuuksia (perusp\u00e4iv\u00e4raha, toimeentulotuki jne.) on leikattu kokouspalkkioista saatavan tulon takia. N\u00e4it\u00e4 p\u00e4\u00e4t\u00f6ksi\u00e4 ovat tehneet niin Kela kuin kuntien sosiaalitoimetkin.<\/p>\n<p>Asiasta tehtiin vuonna 2011 kirjallinen kysymys eduskunnassa. Silloinen sosiaali- ja terveysministeri <strong>Juha Rehula<\/strong> (kesk) vastasi kysymykseen seuraavasti: &#8221;Ty\u00f6tt\u00f6myysturvalain mukaan ty\u00f6tt\u00f6myysedun sovittelussa otetaan huomioon palkka tai muu ansiotulona pidett\u00e4v\u00e4 vastike. Tulosta s\u00e4\u00e4det\u00e4\u00e4n tarkemmin valtioneuvoston asetuksella 1332\/2002. Mainitun asetuksen 9 \u00a7:n 20 kohdan mukaan luottamustoimesta maksettu luottamustoimipalkkio ei ole sellaista tuloa, joka otettaisiin tulona huomioon ty\u00f6tt\u00f6myysetuutta soviteltaessa.\u201d<\/p>\n<p>Rehula toteaa vastauksessaan lis\u00e4ksi: \u201dTy\u00f6tt\u00f6myysturvalain 14 luvun 4\u00a7:n mukaan sosiaali- ja terveysministeri\u00f6 antaa yhdenmukaisen k\u00e4yt\u00e4nn\u00f6n aikaansaamiseksi ty\u00f6tt\u00f6myysetuuksissa yleiset ohjeet. My\u00f6s n\u00e4iss\u00e4 ohjeissa on todettu, ettei kunnallisista, valtiollisista tai kirkollisista luottamustoimista saatuja palkkioita oteta sovittelussa huomioon.&#8221;<\/p>\n<p>Lain hengen vastainen toimintamalli n\u00e4ytt\u00e4isi kuitenkin olevan yleistym\u00e4ss\u00e4 ainakin t\u00e4\u00e4ll\u00e4 pohjoisessa, sill\u00e4 kyse ei ole yksitt\u00e4istapauksista.<\/p>\n<p>Kokouspalkkiot eiv\u00e4t ole varsinkaan pienemmiss\u00e4 kunnissa yleens\u00e4 kuin muutamia kymppej\u00e4, joten suurista seteleist\u00e4 ei ole yhteiskunnan n\u00e4k\u00f6kulmasta kysymys. N\u00e4ille ihmisille jokainen euro on kuitenkin t\u00e4rke\u00e4, koska kyse on jokap\u00e4iv\u00e4isest\u00e4 toimeentulosta.<\/p>\n<p>Tilanne on huolestuttava, sill\u00e4 usea j\u00e4tt\u00e4\u00e4 osallistumatta poliittiseen p\u00e4\u00e4t\u00f6ksentekoon t\u00e4llaisen byrokraattisen pelleilyn takia. Edellisten kunnallisvaalien yhteydess\u00e4 moni nuori ty\u00f6t\u00f6n ei uskaltanut alkaa edes ehdokkaaksi ty\u00f6tt\u00f6myysturvan menett\u00e4misen pelossa.<\/p>\n<p>Ty\u00f6markkina- ja toimeentulotukip\u00e4\u00e4t\u00f6ksiss\u00e4 voidaan tietysti k\u00e4ytt\u00e4\u00e4 tarveharkintaa. Nyt ei kuitenkaan puhuta tonneista eik\u00e4 edes satasista. Muutamien kymmenien eurojen korvauksista rankaiseminen ei ole mit\u00e4\u00e4n muuta kuin pikkumaista kiusantekoa pienituloisia kohtaan.<\/p>\n<p>Nyt olisi t\u00e4rke\u00e4 saada ty\u00f6tt\u00f6myysturvalaissa mainitut selke\u00e4t ohjeet k\u00e4yt\u00e4nt\u00f6\u00f6n ja lopettaa pienituloisten luottamushenkil\u00f6iden potkiminen.<\/p>\n<p>Toivomme, ett\u00e4 ministeri\u00f6ss\u00e4 ryhdyt\u00e4\u00e4n toimiin t\u00e4ss\u00e4 asiassa v\u00e4litt\u00f6m\u00e4sti. Muutoin enenev\u00e4ss\u00e4 m\u00e4\u00e4rin rahamiesten hommaksi jo muutenkin muuttuneesta poliittisesta p\u00e4\u00e4t\u00f6ksenteosta katoavat viimeisetkin ihmiset, jotka ymm\u00e4rt\u00e4v\u00e4t millaista on ty\u00f6tt\u00f6m\u00e4n ja pienituloisen arki.<\/p>\n<p>Jaakko Alavuotunki<br \/>\ntoiminnanjohtaja<br \/>\nPohjois-Pohjanmaan ja Kainuun Vasemmisto<\/p>\n<p>Veli-Pekka Kultanen<br \/>\npuheenjohtaja<br \/>\nSuur-Patelan Vasemmisto ry.<\/p>\n<p><em>Kirjoitus on julkaistu Kansan Tahdossa ja Kalevassa to 22.8.\u00a0 <\/em><\/p>\n","protected":false},"excerpt":{"rendered":"<p>Olemme t\u00f6rm\u00e4nneet t\u00e4n\u00e4 vuonna monta kertaa Pohjois-Pohjanmaalla tapauksiin, joissa pienituloisten kuntap\u00e4\u00e4tt\u00e4jien sosiaalietuuksia (perusp\u00e4iv\u00e4raha, toimeentulotuki jne.) on leikattu kokouspalkkioista saatavan tulon takia. N\u00e4it\u00e4 p\u00e4\u00e4t\u00f6ksi\u00e4 ovat tehneet niin Kela kuin kuntien sosiaalitoimetkin. Asiasta tehtiin vuonna 2011 kirjallinen kysymys eduskunnassa. Silloinen sosiaali- ja&#46;&#46;&#46;<\/p>\n","protected":false},"author":2,"featured_media":370,"comment_status":"open","ping_status":"open","sticky":false,"template":"","format":"standard","meta":{"om_disable_all_campaigns":false,"_monsterinsights_skip_tracking":false,"_monsterinsights_sitenote_active":false,"_monsterinsights_sitenote_note":"","_monsterinsights_sitenote_category":0,"footnotes":""},"categories":[3,4],"tags":[416,502,917,755],"class_list":["post-352","post","type-post","status-publish","format-standard","has-post-thumbnail","hentry","category-kuntapolitiikka","category-politiikka","tag-luottamustoimet","tag-osallistuminen","tag-peruspaivaraha","tag-toimeentulotuki"],"yoast_head":"<!-- This site is optimized with the Yoast SEO plugin v16.3 - https:\/\/yoast.com\/wordpress\/plugins\/seo\/ -->\n<title>Avoin kirje sosiaali- ja terveysministeri Paula Risikolle - Jaakko Alavuotunki<\/title>\n<meta name=\"robots\" content=\"index, follow, max-snippet:-1, max-image-preview:large, max-video-preview:-1\" \/>\n<link rel=\"canonical\" href=\"https:\/\/jaakkoalavuotunki.fi\/wp\/2013\/08\/22\/avoin-kirje-sosiaali-ja-terveysministeri-paula-risikolle\/\" \/>\n<meta property=\"og:locale\" content=\"fi_FI\" \/>\n<meta property=\"og:type\" content=\"article\" \/>\n<meta property=\"og:title\" content=\"Avoin kirje sosiaali- ja terveysministeri Paula Risikolle - Jaakko Alavuotunki\" \/>\n<meta property=\"og:description\" content=\"Olemme t\u00f6rm\u00e4nneet t\u00e4n\u00e4 vuonna monta kertaa Pohjois-Pohjanmaalla tapauksiin, joissa pienituloisten kuntap\u00e4\u00e4tt\u00e4jien sosiaalietuuksia (perusp\u00e4iv\u00e4raha, toimeentulotuki jne.) on leikattu kokouspalkkioista saatavan tulon takia. N\u00e4it\u00e4 p\u00e4\u00e4t\u00f6ksi\u00e4 ovat tehneet niin Kela kuin kuntien sosiaalitoimetkin. Asiasta tehtiin vuonna 2011 kirjallinen kysymys eduskunnassa. Silloinen sosiaali- ja&#046;&#046;&#046;\" \/>\n<meta property=\"og:url\" content=\"https:\/\/jaakkoalavuotunki.fi\/wp\/2013\/08\/22\/avoin-kirje-sosiaali-ja-terveysministeri-paula-risikolle\/\" \/>\n<meta property=\"og:site_name\" content=\"Jaakko Alavuotunki\" \/>\n<meta property=\"article:published_time\" content=\"2013-08-22T05:00:46+00:00\" \/>\n<meta property=\"article:modified_time\" content=\"2014-01-09T09:19:48+00:00\" \/>\n<meta property=\"og:image\" content=\"http:\/\/jaakkoalavuotunki.fi\/wp\/wp-content\/uploads\/2014\/01\/header2c-copy.jpg\" \/>\n\t<meta property=\"og:image:width\" content=\"780\" \/>\n\t<meta property=\"og:image:height\" content=\"210\" \/>\n<meta name=\"twitter:card\" content=\"summary_large_image\" \/>\n<meta name=\"twitter:label1\" content=\"Arvioitu lukuaika\">\n\t<meta name=\"twitter:data1\" content=\"2 minuuttia\">\n<script type=\"application\/ld+json\" class=\"yoast-schema-graph\">{\"@context\":\"https:\/\/schema.org\",\"@graph\":[{\"@type\":\"WebSite\",\"@id\":\"http:\/\/jaakkoalavuotunki.fi\/wp\/#website\",\"url\":\"http:\/\/jaakkoalavuotunki.fi\/wp\/\",\"name\":\"Jaakko Alavuotunki\",\"description\":\"\",\"potentialAction\":[{\"@type\":\"SearchAction\",\"target\":\"http:\/\/jaakkoalavuotunki.fi\/wp\/?s={search_term_string}\",\"query-input\":\"required name=search_term_string\"}],\"inLanguage\":\"fi\"},{\"@type\":\"ImageObject\",\"@id\":\"https:\/\/jaakkoalavuotunki.fi\/wp\/2013\/08\/22\/avoin-kirje-sosiaali-ja-terveysministeri-paula-risikolle\/#primaryimage\",\"inLanguage\":\"fi\",\"url\":\"https:\/\/jaakkoalavuotunki.fi\/wp\/wp-content\/uploads\/2014\/01\/header2c-copy.jpg\",\"contentUrl\":\"https:\/\/jaakkoalavuotunki.fi\/wp\/wp-content\/uploads\/2014\/01\/header2c-copy.jpg\",\"width\":780,\"height\":210},{\"@type\":\"WebPage\",\"@id\":\"https:\/\/jaakkoalavuotunki.fi\/wp\/2013\/08\/22\/avoin-kirje-sosiaali-ja-terveysministeri-paula-risikolle\/#webpage\",\"url\":\"https:\/\/jaakkoalavuotunki.fi\/wp\/2013\/08\/22\/avoin-kirje-sosiaali-ja-terveysministeri-paula-risikolle\/\",\"name\":\"Avoin kirje sosiaali- ja terveysministeri Paula Risikolle - Jaakko Alavuotunki\",\"isPartOf\":{\"@id\":\"http:\/\/jaakkoalavuotunki.fi\/wp\/#website\"},\"primaryImageOfPage\":{\"@id\":\"https:\/\/jaakkoalavuotunki.fi\/wp\/2013\/08\/22\/avoin-kirje-sosiaali-ja-terveysministeri-paula-risikolle\/#primaryimage\"},\"datePublished\":\"2013-08-22T05:00:46+00:00\",\"dateModified\":\"2014-01-09T09:19:48+00:00\",\"author\":{\"@id\":\"http:\/\/jaakkoalavuotunki.fi\/wp\/#\/schema\/person\/91fa02a01d9d34732cff04a07fb62739\"},\"breadcrumb\":{\"@id\":\"https:\/\/jaakkoalavuotunki.fi\/wp\/2013\/08\/22\/avoin-kirje-sosiaali-ja-terveysministeri-paula-risikolle\/#breadcrumb\"},\"inLanguage\":\"fi\",\"potentialAction\":[{\"@type\":\"ReadAction\",\"target\":[\"https:\/\/jaakkoalavuotunki.fi\/wp\/2013\/08\/22\/avoin-kirje-sosiaali-ja-terveysministeri-paula-risikolle\/\"]}]},{\"@type\":\"BreadcrumbList\",\"@id\":\"https:\/\/jaakkoalavuotunki.fi\/wp\/2013\/08\/22\/avoin-kirje-sosiaali-ja-terveysministeri-paula-risikolle\/#breadcrumb\",\"itemListElement\":[{\"@type\":\"ListItem\",\"position\":1,\"item\":{\"@type\":\"WebPage\",\"@id\":\"http:\/\/jaakkoalavuotunki.fi\/wp\/\",\"url\":\"http:\/\/jaakkoalavuotunki.fi\/wp\/\",\"name\":\"Etusivu\"}},{\"@type\":\"ListItem\",\"position\":2,\"item\":{\"@id\":\"https:\/\/jaakkoalavuotunki.fi\/wp\/2013\/08\/22\/avoin-kirje-sosiaali-ja-terveysministeri-paula-risikolle\/#webpage\"}}]},{\"@type\":\"Person\",\"@id\":\"http:\/\/jaakkoalavuotunki.fi\/wp\/#\/schema\/person\/91fa02a01d9d34732cff04a07fb62739\",\"name\":\"Jaakko Alavuotunki\",\"image\":{\"@type\":\"ImageObject\",\"@id\":\"http:\/\/jaakkoalavuotunki.fi\/wp\/#personlogo\",\"inLanguage\":\"fi\",\"url\":\"https:\/\/secure.gravatar.com\/avatar\/7c07730103e45e226868477adf70ac7de2c14f85962a005498b4a5e7333958c2?s=96&d=mm&r=g\",\"contentUrl\":\"https:\/\/secure.gravatar.com\/avatar\/7c07730103e45e226868477adf70ac7de2c14f85962a005498b4a5e7333958c2?s=96&d=mm&r=g\",\"caption\":\"Jaakko Alavuotunki\"},\"url\":\"https:\/\/jaakkoalavuotunki.fi\/wp\/author\/jaakko\/\"}]}<\/script>\n<!-- \/ Yoast SEO plugin. -->","_links":{"self":[{"href":"https:\/\/jaakkoalavuotunki.fi\/wp\/wp-json\/wp\/v2\/posts\/352","targetHints":{"allow":["GET"]}}],"collection":[{"href":"https:\/\/jaakkoalavuotunki.fi\/wp\/wp-json\/wp\/v2\/posts"}],"about":[{"href":"https:\/\/jaakkoalavuotunki.fi\/wp\/wp-json\/wp\/v2\/types\/post"}],"author":[{"embeddable":true,"href":"https:\/\/jaakkoalavuotunki.fi\/wp\/wp-json\/wp\/v2\/users\/2"}],"replies":[{"embeddable":true,"href":"https:\/\/jaakkoalavuotunki.fi\/wp\/wp-json\/wp\/v2\/comments?post=352"}],"version-history":[{"count":1,"href":"https:\/\/jaakkoalavuotunki.fi\/wp\/wp-json\/wp\/v2\/posts\/352\/revisions"}],"predecessor-version":[{"id":407,"href":"https:\/\/jaakkoalavuotunki.fi\/wp\/wp-json\/wp\/v2\/posts\/352\/revisions\/407"}],"wp:featuredmedia":[{"embeddable":true,"href":"https:\/\/jaakkoalavuotunki.fi\/wp\/wp-json\/wp\/v2\/media\/370"}],"wp:attachment":[{"href":"https:\/\/jaakkoalavuotunki.fi\/wp\/wp-json\/wp\/v2\/media?parent=352"}],"wp:term":[{"taxonomy":"category","embeddable":true,"href":"https:\/\/jaakkoalavuotunki.fi\/wp\/wp-json\/wp\/v2\/categories?post=352"},{"taxonomy":"post_tag","embeddable":true,"href":"https:\/\/jaakkoalavuotunki.fi\/wp\/wp-json\/wp\/v2\/tags?post=352"}],"curies":[{"name":"wp","href":"https:\/\/api.w.org\/{rel}","templated":true}]}}