{"id":303,"date":"2012-03-29T10:30:20","date_gmt":"2012-03-29T08:30:20","guid":{"rendered":"http:\/\/jaakkoalavuotunki.ehdokkaasi.fi\/2012\/03\/29\/toppila-itsenaiseksi\/"},"modified":"2014-11-29T22:14:39","modified_gmt":"2014-11-29T22:14:39","slug":"toppila-itsenaiseksi","status":"publish","type":"post","link":"https:\/\/jaakkoalavuotunki.fi\/wp\/2012\/03\/29\/toppila-itsenaiseksi\/","title":{"rendered":"Toppila itsen\u00e4iseksi!"},"content":{"rendered":"<p>Seurasin viime viikon maanantaina Oulun yliopiston Saalastinsalissa kuntarakenneuudistuksen kuulemiskierroksen Oulun erikoiskoetta.<\/p>\n<p>Valtavia yll\u00e4tyksi\u00e4 ei p\u00e4\u00e4ssyt tapahtumaan r\u00e4nt\u00e4sateisen iltap\u00e4iv\u00e4n aikana. Ministeri <strong>Virkkunen<\/strong> luotsasi esikuntineen loihtimansa karttaharjoituskalvot enn\u00e4tysajassa maaliin, jonka j\u00e4lkeen visiot laitettiin keskustalaisten kuntapoliitikkojen armottoman tulituksen kohteeksi.<\/p>\n<p>Kritiikki onnistuu lukemattakin, kuten er\u00e4s kansanedustaja muistutti viikonlopun vaalitilaisuudessa Ylivieskassa. Uudistuksen teilannut <strong>Mari Kiviniemen<\/strong> tiedote l\u00e4v\u00e4hti eetteriin vain kaksi minuuttia 600-sivuisen kuntaselvityksen julkistamisen j\u00e4lkeen. Puheenjohtajan lukuvauhti ly\u00f6 leikiten laudalta jopa <strong>Paavo V\u00e4yrysen <\/strong>legendaarisen Dostojevski-session.<\/p>\n<p>Saalastinsalissa vallitsi ep\u00e4todellinen tunnelma monestakin syyst\u00e4. Ensinn\u00e4kin olin varmaankin ainoa alle 35-vuotias politiikan parissa vaikuttava ihminen paikan p\u00e4\u00e4ll\u00e4, jos muutamaa toimittajaa ja ministeri\u00f6n nuorta virkamiest\u00e4 ei lasketa.<\/p>\n<p>Ajallinen perspektiivi puuttui t\u00e4m\u00e4n vuoksi pahasti. L\u00e4hes jokainen kunta todisti vuorollaan talouslukemien olevan parin seuraavan vuoden osalta loistavasti lapasessa. Jokainen kunta oli omissa papereissaan elinvoimainen, dynaaminen ja houkutteleva vaihtoehto.<\/p>\n<p>Reaktio oli sin\u00e4ns\u00e4 ymm\u00e4rrett\u00e4v\u00e4, koska kukapa haluaisi sylke\u00e4 omaan lasiinsa. Uudistuksen p\u00e4\u00e4ajatus haihtui kuitenkin savuna ilmaan.<\/p>\n<p>Huoltosuhde muuttuu pohjoisessa Suomessa jo 2020-luvulla sellaiseksi, ett\u00e4 tulevaisuuden sukupolvet joutuvat painimaan giganttisten ongelmien kanssa. T\u00e4lle asialle ei vanhojen partojen maalaisliittolegioona halua tehd\u00e4 yht\u00e4\u00e4n mit\u00e4\u00e4n.<\/p>\n<p>Toiseksi, mink\u00e4\u00e4n muun poliittisen puolueen kuin keskustan edustajien n\u00e4kemyksill\u00e4 ei ollut tilaisuudessa sijaa. Olo oli ajoittain kuin kyseisen orkesterin puoluekokouksessa, kun minikunnan kepulainen toisensa per\u00e4\u00e4n k\u00e4vi linjaamassa tuotoksensa samaan, jo kuralle poljettuun uraan.<\/p>\n<p>Vaikka on t\u00e4rke\u00e4\u00e4, ett\u00e4 uusia ratkaisuja etsit\u00e4\u00e4n vapaaehtoisuuden periaatetta noudattaen, jonkinlaista maalaisj\u00e4rke\u00e4 tulisi k\u00e4ytt\u00e4\u00e4 uusia ratkaisuja etsiess\u00e4.<\/p>\n<p>Kotikaupunginosassani Toppilassa on t\u00e4ll\u00e4 hetkell\u00e4 kolme kertaa enemm\u00e4n asukkaita kuin n\u00e4iss\u00e4 1 200 &#8211; 1 500 asukkaan kunnissa, kuten esimerkiksi Merij\u00e4rvell\u00e4.<\/p>\n<p>Joskus on syyt\u00e4 nostaa kissa p\u00f6yd\u00e4lle, vaikka se tekisikin hetken kipe\u00e4\u00e4. Merij\u00e4rven kaltaisilla kunnilla ei ole oikeastaan mit\u00e4\u00e4n syyt\u00e4 olla olemassa itsen\u00e4isin\u00e4 yksikk\u00f6in\u00e4. Palvelut tuotetaan jo nyt k\u00e4yt\u00e4nn\u00f6ss\u00e4 muualla ja kunnan olemassaoloa puolustavat ainoastaan valtaistuimilla k\u00e4\u00e4tyj\u00e4\u00e4n hipel\u00f6iv\u00e4t kunnanis\u00e4t.<\/p>\n<p>Pormestarille ja kunnanvaltuustolle olisi siis t\u00e4st\u00e4 n\u00e4k\u00f6kulmasta enemm\u00e4n tarvetta t\u00e4\u00e4ll\u00e4 siilojen ja l\u00e4mp\u00f6voimalan kupeessa kuin 1 200 asukkaan minikunnassa.<\/p>\n<p>Jos n\u00e4k\u00f6alattomuus jatkuu, harkitsen vakavasti ilmoittautumista Meri-Toppilan pormestariehdokkaaksi. Jos kuntakapinaan menn\u00e4\u00e4n, se aloitetaan my\u00f6s t\u00e4ss\u00e4 kasvavassa Oulun l\u00e4hi\u00f6ss\u00e4. Dynaaminen ja elinvoimainen Toppila l\u00e4htee joukolla ja kostilla mellakoimaan keskus-Oulun ylivaltaa vastaan.<\/p>\n<p>Leikki leikkin\u00e4. Vakavoidutaan viel\u00e4 hetkeksi ja palataan kuntademokratiaan. Keskusta kohkaa t\u00e4ll\u00e4 aiheella, koska huoli vallan kaventumisesta on suuri. Eik\u00f6 kukaan ajattele kuntap\u00e4\u00e4tt\u00e4ji\u00e4, voihkaisi edustaja <strong>Saarikko<\/strong> taannoin ja tuli samalla sanoneeksi \u00e4\u00e4neen sen, mit\u00e4 moni keskustalainen ajattelee.<\/p>\n<p>Aihe on toki t\u00e4rke\u00e4 ja se on keski\u00f6ss\u00e4 my\u00f6s Vasemmiston kuntavaalikampanjassa. Tulokulma on kuitenkin toisenlainen. Uudistuva kuntakartta tarvitsee esimerkiksi Rovaniemen mallin mukaista osallistavaa budjetointia.<\/p>\n<p>On hyv\u00e4 pohtia my\u00f6s sit\u00e4, miten kuntademokratia toteutuu t\u00e4ll\u00e4 hetkell\u00e4. Keskusta meuhkaa asioilla, jotka se itse on ajanut alas kunnissa. Poliittisilla mandaateilla valittu virkamiehist\u00f6 pit\u00e4\u00e4 valtaa ja puolustaa vanhoja kuntarakenteita. Uudet ajatukset palvelujen ja kuntademokratian kehitt\u00e4misest\u00e4 ovat loistaneet poissaolollaan.<\/p>\n<p>Kuntauudistuksessa on viime k\u00e4dess\u00e4 kysymys palveluista ja solidaarisuudesta. Palvelujen j\u00e4rjest\u00e4misess\u00e4 ei kartalle piirretyill\u00e4 kuntarajoilla ole v\u00e4li\u00e4. Solidaarisuutta on se, ett\u00e4 paremmin toimeentulevat alueet huolehtivat syrj\u00e4seuduista.<\/p>\n<p>Saalastinsalissa kuultiin muutamia j\u00e4rkytt\u00e4vi\u00e4 puheenvuoroja, joissa kunnat kielt\u00e4ytyiv\u00e4t yhteisty\u00f6st\u00e4 k\u00f6yhempien naapureidensa kanssa silkasta itsekkyydest\u00e4. &#8221;Turhaan ei kannata tulta ryysyihins\u00e4 ottaa&#8221;, todettiin muun muassa Koillismaalta. Vasemmistolaisen pirtaan ei t\u00e4llainen ajattelu sovi. Kuntauudistusta on ty\u00f6stett\u00e4v\u00e4 juuri solidaarisuus ensimm\u00e4isen\u00e4 ohjenuorana.<\/p>\n<p><em>Kirjoitus on julkaistu Tien p\u00e4\u00e4ll\u00e4 -kolumnisarjassa Kansan Tahdossa 29.3.2012. <\/em><\/p>\n","protected":false},"excerpt":{"rendered":"<p>Seurasin viime viikon maanantaina Oulun yliopiston Saalastinsalissa kuntarakenneuudistuksen kuulemiskierroksen Oulun erikoiskoetta. Valtavia yll\u00e4tyksi\u00e4 ei p\u00e4\u00e4ssyt tapahtumaan r\u00e4nt\u00e4sateisen iltap\u00e4iv\u00e4n aikana. Ministeri Virkkunen luotsasi esikuntineen loihtimansa karttaharjoituskalvot enn\u00e4tysajassa maaliin, jonka j\u00e4lkeen visiot laitettiin keskustalaisten kuntapoliitikkojen armottoman tulituksen kohteeksi. Kritiikki onnistuu lukemattakin, kuten&#46;&#46;&#46;<\/p>\n","protected":false},"author":2,"featured_media":11,"comment_status":"open","ping_status":"open","sticky":false,"template":"","format":"standard","meta":{"om_disable_all_campaigns":false,"_monsterinsights_skip_tracking":false,"_monsterinsights_sitenote_active":false,"_monsterinsights_sitenote_note":"","_monsterinsights_sitenote_category":0,"footnotes":""},"categories":[3,4],"tags":[274,357,363,372,448,533,749],"class_list":["post-303","post","type-post","status-publish","format-standard","has-post-thumbnail","hentry","category-kuntapolitiikka","category-politiikka","tag-kansan-tahto","tag-kuntademokratia","tag-kuntauudistus","tag-lahidemokratia","tag-meri-toppila","tag-palvelut","tag-tien-paalla"],"yoast_head":"<!-- This site is optimized with the Yoast SEO plugin v16.3 - https:\/\/yoast.com\/wordpress\/plugins\/seo\/ -->\n<title>Toppila itsen\u00e4iseksi! - Jaakko Alavuotunki<\/title>\n<meta name=\"robots\" content=\"index, follow, max-snippet:-1, max-image-preview:large, max-video-preview:-1\" \/>\n<link rel=\"canonical\" href=\"https:\/\/jaakkoalavuotunki.fi\/wp\/2012\/03\/29\/toppila-itsenaiseksi\/\" \/>\n<meta property=\"og:locale\" content=\"fi_FI\" \/>\n<meta property=\"og:type\" content=\"article\" \/>\n<meta property=\"og:title\" content=\"Toppila itsen\u00e4iseksi! - Jaakko Alavuotunki\" \/>\n<meta property=\"og:description\" content=\"Seurasin viime viikon maanantaina Oulun yliopiston Saalastinsalissa kuntarakenneuudistuksen kuulemiskierroksen Oulun erikoiskoetta. Valtavia yll\u00e4tyksi\u00e4 ei p\u00e4\u00e4ssyt tapahtumaan r\u00e4nt\u00e4sateisen iltap\u00e4iv\u00e4n aikana. Ministeri Virkkunen luotsasi esikuntineen loihtimansa karttaharjoituskalvot enn\u00e4tysajassa maaliin, jonka j\u00e4lkeen visiot laitettiin keskustalaisten kuntapoliitikkojen armottoman tulituksen kohteeksi. Kritiikki onnistuu lukemattakin, kuten&#046;&#046;&#046;\" \/>\n<meta property=\"og:url\" content=\"https:\/\/jaakkoalavuotunki.fi\/wp\/2012\/03\/29\/toppila-itsenaiseksi\/\" \/>\n<meta property=\"og:site_name\" content=\"Jaakko Alavuotunki\" \/>\n<meta property=\"article:published_time\" content=\"2012-03-29T08:30:20+00:00\" \/>\n<meta property=\"article:modified_time\" content=\"2014-11-29T22:14:39+00:00\" \/>\n<meta property=\"og:image\" content=\"http:\/\/jaakkoalavuotunki.fi\/wp\/wp-content\/uploads\/2014\/01\/cropped-P8140376.jpg\" \/>\n\t<meta property=\"og:image:width\" content=\"1920\" \/>\n\t<meta property=\"og:image:height\" content=\"386\" \/>\n<meta name=\"twitter:card\" content=\"summary_large_image\" \/>\n<meta name=\"twitter:label1\" content=\"Arvioitu lukuaika\">\n\t<meta name=\"twitter:data1\" content=\"3 minuuttia\">\n<script type=\"application\/ld+json\" class=\"yoast-schema-graph\">{\"@context\":\"https:\/\/schema.org\",\"@graph\":[{\"@type\":\"WebSite\",\"@id\":\"http:\/\/jaakkoalavuotunki.fi\/wp\/#website\",\"url\":\"http:\/\/jaakkoalavuotunki.fi\/wp\/\",\"name\":\"Jaakko Alavuotunki\",\"description\":\"\",\"potentialAction\":[{\"@type\":\"SearchAction\",\"target\":\"http:\/\/jaakkoalavuotunki.fi\/wp\/?s={search_term_string}\",\"query-input\":\"required name=search_term_string\"}],\"inLanguage\":\"fi\"},{\"@type\":\"ImageObject\",\"@id\":\"https:\/\/jaakkoalavuotunki.fi\/wp\/2012\/03\/29\/toppila-itsenaiseksi\/#primaryimage\",\"inLanguage\":\"fi\",\"url\":\"https:\/\/jaakkoalavuotunki.fi\/wp\/wp-content\/uploads\/2014\/01\/cropped-P8140376.jpg\",\"contentUrl\":\"https:\/\/jaakkoalavuotunki.fi\/wp\/wp-content\/uploads\/2014\/01\/cropped-P8140376.jpg\",\"width\":1920,\"height\":386},{\"@type\":\"WebPage\",\"@id\":\"https:\/\/jaakkoalavuotunki.fi\/wp\/2012\/03\/29\/toppila-itsenaiseksi\/#webpage\",\"url\":\"https:\/\/jaakkoalavuotunki.fi\/wp\/2012\/03\/29\/toppila-itsenaiseksi\/\",\"name\":\"Toppila itsen\\u00e4iseksi! - Jaakko Alavuotunki\",\"isPartOf\":{\"@id\":\"http:\/\/jaakkoalavuotunki.fi\/wp\/#website\"},\"primaryImageOfPage\":{\"@id\":\"https:\/\/jaakkoalavuotunki.fi\/wp\/2012\/03\/29\/toppila-itsenaiseksi\/#primaryimage\"},\"datePublished\":\"2012-03-29T08:30:20+00:00\",\"dateModified\":\"2014-11-29T22:14:39+00:00\",\"author\":{\"@id\":\"http:\/\/jaakkoalavuotunki.fi\/wp\/#\/schema\/person\/91fa02a01d9d34732cff04a07fb62739\"},\"breadcrumb\":{\"@id\":\"https:\/\/jaakkoalavuotunki.fi\/wp\/2012\/03\/29\/toppila-itsenaiseksi\/#breadcrumb\"},\"inLanguage\":\"fi\",\"potentialAction\":[{\"@type\":\"ReadAction\",\"target\":[\"https:\/\/jaakkoalavuotunki.fi\/wp\/2012\/03\/29\/toppila-itsenaiseksi\/\"]}]},{\"@type\":\"BreadcrumbList\",\"@id\":\"https:\/\/jaakkoalavuotunki.fi\/wp\/2012\/03\/29\/toppila-itsenaiseksi\/#breadcrumb\",\"itemListElement\":[{\"@type\":\"ListItem\",\"position\":1,\"item\":{\"@type\":\"WebPage\",\"@id\":\"http:\/\/jaakkoalavuotunki.fi\/wp\/\",\"url\":\"http:\/\/jaakkoalavuotunki.fi\/wp\/\",\"name\":\"Etusivu\"}},{\"@type\":\"ListItem\",\"position\":2,\"item\":{\"@id\":\"https:\/\/jaakkoalavuotunki.fi\/wp\/2012\/03\/29\/toppila-itsenaiseksi\/#webpage\"}}]},{\"@type\":\"Person\",\"@id\":\"http:\/\/jaakkoalavuotunki.fi\/wp\/#\/schema\/person\/91fa02a01d9d34732cff04a07fb62739\",\"name\":\"Jaakko Alavuotunki\",\"image\":{\"@type\":\"ImageObject\",\"@id\":\"http:\/\/jaakkoalavuotunki.fi\/wp\/#personlogo\",\"inLanguage\":\"fi\",\"url\":\"https:\/\/secure.gravatar.com\/avatar\/7c07730103e45e226868477adf70ac7de2c14f85962a005498b4a5e7333958c2?s=96&d=mm&r=g\",\"contentUrl\":\"https:\/\/secure.gravatar.com\/avatar\/7c07730103e45e226868477adf70ac7de2c14f85962a005498b4a5e7333958c2?s=96&d=mm&r=g\",\"caption\":\"Jaakko Alavuotunki\"},\"url\":\"https:\/\/jaakkoalavuotunki.fi\/wp\/author\/jaakko\/\"}]}<\/script>\n<!-- \/ Yoast SEO plugin. -->","_links":{"self":[{"href":"https:\/\/jaakkoalavuotunki.fi\/wp\/wp-json\/wp\/v2\/posts\/303","targetHints":{"allow":["GET"]}}],"collection":[{"href":"https:\/\/jaakkoalavuotunki.fi\/wp\/wp-json\/wp\/v2\/posts"}],"about":[{"href":"https:\/\/jaakkoalavuotunki.fi\/wp\/wp-json\/wp\/v2\/types\/post"}],"author":[{"embeddable":true,"href":"https:\/\/jaakkoalavuotunki.fi\/wp\/wp-json\/wp\/v2\/users\/2"}],"replies":[{"embeddable":true,"href":"https:\/\/jaakkoalavuotunki.fi\/wp\/wp-json\/wp\/v2\/comments?post=303"}],"version-history":[{"count":2,"href":"https:\/\/jaakkoalavuotunki.fi\/wp\/wp-json\/wp\/v2\/posts\/303\/revisions"}],"predecessor-version":[{"id":474,"href":"https:\/\/jaakkoalavuotunki.fi\/wp\/wp-json\/wp\/v2\/posts\/303\/revisions\/474"}],"wp:featuredmedia":[{"embeddable":true,"href":"https:\/\/jaakkoalavuotunki.fi\/wp\/wp-json\/wp\/v2\/media\/11"}],"wp:attachment":[{"href":"https:\/\/jaakkoalavuotunki.fi\/wp\/wp-json\/wp\/v2\/media?parent=303"}],"wp:term":[{"taxonomy":"category","embeddable":true,"href":"https:\/\/jaakkoalavuotunki.fi\/wp\/wp-json\/wp\/v2\/categories?post=303"},{"taxonomy":"post_tag","embeddable":true,"href":"https:\/\/jaakkoalavuotunki.fi\/wp\/wp-json\/wp\/v2\/tags?post=303"}],"curies":[{"name":"wp","href":"https:\/\/api.w.org\/{rel}","templated":true}]}}