{"id":212,"date":"2009-10-27T16:01:14","date_gmt":"2009-10-27T14:01:14","guid":{"rendered":"http:\/\/jaakkoalavuotunki.ehdokkaasi.fi\/?p=212"},"modified":"2014-01-10T20:08:09","modified_gmt":"2014-01-10T20:08:09","slug":"jarki-voitti-oulu-luopui-kallioparkista","status":"publish","type":"post","link":"https:\/\/jaakkoalavuotunki.fi\/wp\/2009\/10\/27\/jarki-voitti-oulu-luopui-kallioparkista\/","title":{"rendered":"J\u00e4rki voitti &#8211; Oulu luopui kallioparkista"},"content":{"rendered":"<p>Oulun kaupunki p\u00e4\u00e4tti maanantai-iltana luopua kiistellyst\u00e4 kallioparkkihankkeesta. Ratkaisun taustalla on <a href=\"http:\/\/www.ouka.fi\/Tiedote.asp?ID=13613\">virallisen tiedonannon<\/a>\u00a0mukaan \u201dtontinomistajien odotettua heikompi sitoutuminen maank\u00e4ytt\u00f6sopimuksiin ja maanp\u00e4\u00e4llisen rakentamisen investointeihin\u201d sek\u00e4 toisaalta \u201dkalliotilojen korkea urakkahinta ja samalla hankkeen kokonaiskustannusvaikutus kaupungin talouteen.\u201d<\/p>\n<p><strong>Eli p\u00e5 finska:<\/strong><\/p>\n<p>1)\u00a0Kallioparkin alkuper\u00e4inen hinta-arvio liikkui 30 miljoonan euron tienoilla (700 autopaikkaa). Uusimmissa arvioissa hinta oli kaksinkertaistunut 60 miljoonaan (900 paikkaa). T\u00e4m\u00e4 katkaisi kamelin sel\u00e4n ja hankkeen taustalle vahvasti linnoittautuneet virkamiehetkin joutuivat tarkastamaan n\u00e4k\u00f6kantojaan.<\/p>\n<p>2) Liike-el\u00e4m\u00e4lt\u00e4 ei herunut en\u00e4\u00e4 tukea (rahaa) paisuneelle hankkeelle<\/p>\n<p>Kaupunginjohtaja <strong>Matti Pennanen<\/strong> ilmoitti tiedotteessaan kaupungin \u201dkehittyv\u00e4n joka tapauksessa\u201d. Vain painopiste siirtyy. Kuulostaa periaatteessa hyv\u00e4lt\u00e4, vaikka konkreettiset kehitysehdotukset viel\u00e4 puuttuvatkin.<\/p>\n<p>\u201dKaupunki aloittaa perusselvitykset, joissa linjataan keskustan kokonaiskuva uudesta n\u00e4k\u00f6kulmasta liikenteellisesti, mutta ennen kaikkea kaupungin tavoitteet kaupunkikuvallisesti ja toiminnallisesti sek\u00e4 elinkeinopoliittisesti\u201d, Pennanen informoi tiedotteessaan.<\/p>\n<p>Jatkossa sopii toivoa, ett\u00e4 keskustaa aletaan nyt kehitt\u00e4\u00e4 joukkoliikenteen ehdoilla. Uuteen perusselvitykseen on otettava siis t\u00e4ysin erilainen l\u00e4hestymiskulma.<\/p>\n<p>Harmillista asiassa on tietysti se, ett\u00e4 alun perin rajusti alakanttiin tehty kustannusarvio mahdollisti taloudellisesti toteuttamiskelvottoman hankkeen etenemisen n\u00e4inkin pitk\u00e4lle. Rahaa meni kankkulan kaivoon muutamia miljoonia euroja.<\/p>\n<p>T\u00e4ss\u00e4 viel\u00e4 parin vuoden takainen blogikirjoitukseni kallioparkista (huom. tuossa vaiheessa hinta-arvio oli viel\u00e4 \u201dvain\u201d 20 miljoonaa:<br \/>\n<a href=\"http:\/\/jaakkoalavuotunki.ehdokkaasi.fi\/?p=31\">Rahat Raattiin ja kallioparkkiin <\/a><\/p>\n<p><strong>Muutamia aiheeseen liittyvi\u00e4 linkkej\u00e4:<br \/>\n<\/strong><a href=\"http:\/\/www.oulunvasemmistoseura.com\">Oulun Vasemmistoseuran blogi<\/a><br \/>\n<a href=\"http:\/\/www.kaleva.fi\/uutiset\/Oulu\/Kallioparkin-korvaava-ratkaisu-haussa\/821453\">Kalevan Juttutuvan kommentteja aiheesta<\/a><\/p>\n","protected":false},"excerpt":{"rendered":"<p>Oulun kaupunki p\u00e4\u00e4tti maanantai-iltana luopua kiistellyst\u00e4 kallioparkkihankkeesta. Ratkaisun taustalla on virallisen tiedonannon\u00a0mukaan \u201dtontinomistajien odotettua heikompi sitoutuminen maank\u00e4ytt\u00f6sopimuksiin ja maanp\u00e4\u00e4llisen rakentamisen investointeihin\u201d sek\u00e4 toisaalta \u201dkalliotilojen korkea urakkahinta ja samalla hankkeen kokonaiskustannusvaikutus kaupungin talouteen.\u201d Eli p\u00e5 finska: 1)\u00a0Kallioparkin alkuper\u00e4inen hinta-arvio liikkui 30&#46;&#46;&#46;<\/p>\n","protected":false},"author":2,"featured_media":11,"comment_status":"open","ping_status":"open","sticky":false,"template":"","format":"standard","meta":{"om_disable_all_campaigns":false,"_monsterinsights_skip_tracking":false,"_monsterinsights_sitenote_active":false,"_monsterinsights_sitenote_note":"","_monsterinsights_sitenote_category":0,"footnotes":""},"categories":[4],"tags":[266,507],"class_list":["post-212","post","type-post","status-publish","format-standard","has-post-thumbnail","hentry","category-politiikka","tag-kallioparkki","tag-oulu"],"yoast_head":"<!-- This site is optimized with the Yoast SEO plugin v16.3 - https:\/\/yoast.com\/wordpress\/plugins\/seo\/ -->\n<title>J\u00e4rki voitti - Oulu luopui kallioparkista - Jaakko Alavuotunki<\/title>\n<meta name=\"robots\" content=\"index, follow, max-snippet:-1, max-image-preview:large, max-video-preview:-1\" \/>\n<link rel=\"canonical\" href=\"http:\/\/jaakkoalavuotunki.fi\/wp\/2009\/10\/27\/jarki-voitti-oulu-luopui-kallioparkista\/\" \/>\n<meta property=\"og:locale\" content=\"fi_FI\" \/>\n<meta property=\"og:type\" content=\"article\" \/>\n<meta property=\"og:title\" content=\"J\u00e4rki voitti - Oulu luopui kallioparkista - Jaakko Alavuotunki\" \/>\n<meta property=\"og:description\" content=\"Oulun kaupunki p\u00e4\u00e4tti maanantai-iltana luopua kiistellyst\u00e4 kallioparkkihankkeesta. Ratkaisun taustalla on virallisen tiedonannon\u00a0mukaan \u201dtontinomistajien odotettua heikompi sitoutuminen maank\u00e4ytt\u00f6sopimuksiin ja maanp\u00e4\u00e4llisen rakentamisen investointeihin\u201d sek\u00e4 toisaalta \u201dkalliotilojen korkea urakkahinta ja samalla hankkeen kokonaiskustannusvaikutus kaupungin talouteen.\u201d Eli p\u00e5 finska: 1)\u00a0Kallioparkin alkuper\u00e4inen hinta-arvio liikkui 30&#046;&#046;&#046;\" \/>\n<meta property=\"og:url\" content=\"http:\/\/jaakkoalavuotunki.fi\/wp\/2009\/10\/27\/jarki-voitti-oulu-luopui-kallioparkista\/\" \/>\n<meta property=\"og:site_name\" content=\"Jaakko Alavuotunki\" \/>\n<meta property=\"article:published_time\" content=\"2009-10-27T14:01:14+00:00\" \/>\n<meta property=\"article:modified_time\" content=\"2014-01-10T20:08:09+00:00\" \/>\n<meta property=\"og:image\" content=\"http:\/\/jaakkoalavuotunki.fi\/wp\/wp-content\/uploads\/2014\/01\/cropped-P8140376.jpg\" \/>\n\t<meta property=\"og:image:width\" content=\"1920\" \/>\n\t<meta property=\"og:image:height\" content=\"386\" \/>\n<meta name=\"twitter:card\" content=\"summary_large_image\" \/>\n<meta name=\"twitter:label1\" content=\"Arvioitu lukuaika\">\n\t<meta name=\"twitter:data1\" content=\"1 minuutti\">\n<script type=\"application\/ld+json\" class=\"yoast-schema-graph\">{\"@context\":\"https:\/\/schema.org\",\"@graph\":[{\"@type\":\"WebSite\",\"@id\":\"http:\/\/jaakkoalavuotunki.fi\/wp\/#website\",\"url\":\"http:\/\/jaakkoalavuotunki.fi\/wp\/\",\"name\":\"Jaakko Alavuotunki\",\"description\":\"\",\"potentialAction\":[{\"@type\":\"SearchAction\",\"target\":\"http:\/\/jaakkoalavuotunki.fi\/wp\/?s={search_term_string}\",\"query-input\":\"required name=search_term_string\"}],\"inLanguage\":\"fi\"},{\"@type\":\"ImageObject\",\"@id\":\"http:\/\/jaakkoalavuotunki.fi\/wp\/2009\/10\/27\/jarki-voitti-oulu-luopui-kallioparkista\/#primaryimage\",\"inLanguage\":\"fi\",\"url\":\"https:\/\/jaakkoalavuotunki.fi\/wp\/wp-content\/uploads\/2014\/01\/cropped-P8140376.jpg\",\"contentUrl\":\"https:\/\/jaakkoalavuotunki.fi\/wp\/wp-content\/uploads\/2014\/01\/cropped-P8140376.jpg\",\"width\":1920,\"height\":386},{\"@type\":\"WebPage\",\"@id\":\"http:\/\/jaakkoalavuotunki.fi\/wp\/2009\/10\/27\/jarki-voitti-oulu-luopui-kallioparkista\/#webpage\",\"url\":\"http:\/\/jaakkoalavuotunki.fi\/wp\/2009\/10\/27\/jarki-voitti-oulu-luopui-kallioparkista\/\",\"name\":\"J\\u00e4rki voitti - Oulu luopui kallioparkista - Jaakko Alavuotunki\",\"isPartOf\":{\"@id\":\"http:\/\/jaakkoalavuotunki.fi\/wp\/#website\"},\"primaryImageOfPage\":{\"@id\":\"http:\/\/jaakkoalavuotunki.fi\/wp\/2009\/10\/27\/jarki-voitti-oulu-luopui-kallioparkista\/#primaryimage\"},\"datePublished\":\"2009-10-27T14:01:14+00:00\",\"dateModified\":\"2014-01-10T20:08:09+00:00\",\"author\":{\"@id\":\"http:\/\/jaakkoalavuotunki.fi\/wp\/#\/schema\/person\/91fa02a01d9d34732cff04a07fb62739\"},\"breadcrumb\":{\"@id\":\"http:\/\/jaakkoalavuotunki.fi\/wp\/2009\/10\/27\/jarki-voitti-oulu-luopui-kallioparkista\/#breadcrumb\"},\"inLanguage\":\"fi\",\"potentialAction\":[{\"@type\":\"ReadAction\",\"target\":[\"http:\/\/jaakkoalavuotunki.fi\/wp\/2009\/10\/27\/jarki-voitti-oulu-luopui-kallioparkista\/\"]}]},{\"@type\":\"BreadcrumbList\",\"@id\":\"http:\/\/jaakkoalavuotunki.fi\/wp\/2009\/10\/27\/jarki-voitti-oulu-luopui-kallioparkista\/#breadcrumb\",\"itemListElement\":[{\"@type\":\"ListItem\",\"position\":1,\"item\":{\"@type\":\"WebPage\",\"@id\":\"http:\/\/jaakkoalavuotunki.fi\/wp\/\",\"url\":\"http:\/\/jaakkoalavuotunki.fi\/wp\/\",\"name\":\"Etusivu\"}},{\"@type\":\"ListItem\",\"position\":2,\"item\":{\"@id\":\"http:\/\/jaakkoalavuotunki.fi\/wp\/2009\/10\/27\/jarki-voitti-oulu-luopui-kallioparkista\/#webpage\"}}]},{\"@type\":\"Person\",\"@id\":\"http:\/\/jaakkoalavuotunki.fi\/wp\/#\/schema\/person\/91fa02a01d9d34732cff04a07fb62739\",\"name\":\"Jaakko Alavuotunki\",\"image\":{\"@type\":\"ImageObject\",\"@id\":\"http:\/\/jaakkoalavuotunki.fi\/wp\/#personlogo\",\"inLanguage\":\"fi\",\"url\":\"https:\/\/secure.gravatar.com\/avatar\/7c07730103e45e226868477adf70ac7de2c14f85962a005498b4a5e7333958c2?s=96&d=mm&r=g\",\"contentUrl\":\"https:\/\/secure.gravatar.com\/avatar\/7c07730103e45e226868477adf70ac7de2c14f85962a005498b4a5e7333958c2?s=96&d=mm&r=g\",\"caption\":\"Jaakko Alavuotunki\"},\"url\":\"https:\/\/jaakkoalavuotunki.fi\/wp\/author\/jaakko\/\"}]}<\/script>\n<!-- \/ Yoast SEO plugin. -->","_links":{"self":[{"href":"https:\/\/jaakkoalavuotunki.fi\/wp\/wp-json\/wp\/v2\/posts\/212","targetHints":{"allow":["GET"]}}],"collection":[{"href":"https:\/\/jaakkoalavuotunki.fi\/wp\/wp-json\/wp\/v2\/posts"}],"about":[{"href":"https:\/\/jaakkoalavuotunki.fi\/wp\/wp-json\/wp\/v2\/types\/post"}],"author":[{"embeddable":true,"href":"https:\/\/jaakkoalavuotunki.fi\/wp\/wp-json\/wp\/v2\/users\/2"}],"replies":[{"embeddable":true,"href":"https:\/\/jaakkoalavuotunki.fi\/wp\/wp-json\/wp\/v2\/comments?post=212"}],"version-history":[{"count":1,"href":"https:\/\/jaakkoalavuotunki.fi\/wp\/wp-json\/wp\/v2\/posts\/212\/revisions"}],"predecessor-version":[{"id":538,"href":"https:\/\/jaakkoalavuotunki.fi\/wp\/wp-json\/wp\/v2\/posts\/212\/revisions\/538"}],"wp:featuredmedia":[{"embeddable":true,"href":"https:\/\/jaakkoalavuotunki.fi\/wp\/wp-json\/wp\/v2\/media\/11"}],"wp:attachment":[{"href":"https:\/\/jaakkoalavuotunki.fi\/wp\/wp-json\/wp\/v2\/media?parent=212"}],"wp:term":[{"taxonomy":"category","embeddable":true,"href":"https:\/\/jaakkoalavuotunki.fi\/wp\/wp-json\/wp\/v2\/categories?post=212"},{"taxonomy":"post_tag","embeddable":true,"href":"https:\/\/jaakkoalavuotunki.fi\/wp\/wp-json\/wp\/v2\/tags?post=212"}],"curies":[{"name":"wp","href":"https:\/\/api.w.org\/{rel}","templated":true}]}}