{"id":263,"date":"2010-08-10T14:00:27","date_gmt":"2010-08-10T12:00:27","guid":{"rendered":"http:\/\/jaakkoalavuotunki.ehdokkaasi.fi\/2010\/08\/10\/kahden-kastin-eurooppa\/"},"modified":"2014-01-10T15:50:44","modified_gmt":"2014-01-10T15:50:44","slug":"kahden-kastin-eurooppa","status":"publish","type":"post","link":"http:\/\/jaakkoalavuotunki.fi\/wp\/2010\/08\/10\/kahden-kastin-eurooppa\/","title":{"rendered":"Kahden kastin Eurooppa"},"content":{"rendered":"<p>Helsingin Club Libert\u00e9ss\u00e4 j\u00e4rjestet\u00e4\u00e4n t\u00e4n\u00e4\u00e4n <a href=\"http:\/\/www.hs.fi\/menot\/meno?id=eve_293159\"><em>\u00a1Ol\u00e9 romani!<\/em> -tilaisuus<\/a>. Etel\u00e4-Suomen Vasemmistonuorten j\u00e4rjest\u00e4m\u00e4ss\u00e4 tapahtumassa keskustellaan Euroopan ja Suomen romaneiden kohtaamasta syrjinn\u00e4st\u00e4.<\/p>\n<p>Vaikutan nykyisin enenev\u00e4ss\u00e4 m\u00e4\u00e4rin Oulun suunnalla, joten n\u00e4m\u00e4 kemut j\u00e4\u00e4v\u00e4t valitettavasti v\u00e4liin. Suosittelen kuitenkin paikalle menemist\u00e4, mik\u00e4li asia kiinnostaa ja Helsingiss\u00e4 p\u00e4in palloilee t\u00e4n\u00e4 iltana.<\/p>\n<p>Romaneista ja heid\u00e4n oikeuksistaan on k\u00e4yty keskustelua viime aikoina l\u00e4hinn\u00e4 kerj\u00e4\u00e4miseen liittyen. Suomessa joukko oikeistopolitiikkoja on n\u00e4rk\u00e4stynyt maamme p\u00e4\u00e4kaupungissa laillisesti majailevien, l\u00e4hinn\u00e4 Romaniasta ja Bulgariasta kotoisin olevien, romanitaustaisten EU-kansalaisten kerj\u00e4\u00e4misest\u00e4.<\/p>\n<p>Kaupunginjohtaja <strong>Jussi Pajunen<\/strong> (kok) on ilmoittanut kaupunkia piinaavan kerj\u00e4l\u00e4isvitsauksen olevan niin suuri ongelma, ett\u00e4 n\u00e4m\u00e4 ihmiset tulisi <a href=\"http:\/\/www.vihrealanka.fi\/uutiset\/kalasataman-romanikerj%C3%A4l%C3%A4isi%C3%A4-uhkaa-h%C3%A4%C3%A4t%C3%B6\">h\u00e4\u00e4t\u00e4\u00e4 kokonaan maisemista<\/a>. T\u00e4m\u00e4 ei tietenk\u00e4\u00e4n ole mahdollista nykylains\u00e4\u00e4d\u00e4nn\u00f6n puitteissa, sill\u00e4 vapaa liikkuvuus on EU-kansalaisten oikeus varallisuudesta riippumatta.<\/p>\n<p>K\u00e4vin hein\u00e4kuussa lyhyell\u00e4 matkalla Roomassa, jossa kerj\u00e4\u00e4minen on varsin arkip\u00e4iv\u00e4ist\u00e4 toimintaa. Rooma on paradoksien kaupunki monessa mieless\u00e4. Pietarinkirkon t\u00e4ysin yli hilseen menev\u00e4st\u00e4 loistosta aarrekammioineen ei tarvinnut k\u00e4vell\u00e4 kuin muutama kortteli n\u00e4hd\u00e4kseen hampaattomia mummoja ja jalattomia sotaveteraaneja pyyt\u00e4m\u00e4ss\u00e4 kolikkoa kadunkulmassa.<\/p>\n<p>Moni parempiosainen paikallinen koki velvollisuudekseen avustaa k\u00f6yhempi\u00e4 muutamalla lantilla, mik\u00e4li t\u00e4t\u00e4 palvelusta tultiin pyyt\u00e4m\u00e4\u00e4n. Kyseess\u00e4 on tavallaan maan tapa ja my\u00f6s osaltaan uskonnollinen velvollisuus. K\u00f6yh\u00e4\u00e4 tulee auttaa.<\/p>\n<p>Italia on tietysti uskontonsa, sosiaaliturvansa ja monen muunkin asian osalta t\u00e4ysin erilainen valtio Suomeen verrattuna. N\u00e4in on my\u00f6s esimerkiksi Unkari, jossa asuessa oli vaikeaa t\u00f6rm\u00e4\u00e4m\u00e4tt\u00e4 kerj\u00e4l\u00e4isyyteen ja roskalavoilta ruokaa tai myyntiin kelpaavaa tavaraa etsineiden romanien k\u00f6yhyyteen l\u00e4hes p\u00e4ivitt\u00e4in. Unkarissa ja monessa muussa it\u00e4isen Euroopan maassa tilanne on ihmisoikeuksien osalta katastrofaalinen, kuten kirjoittelin jo aiemmin <a href=\"http:\/\/jaakkoalavuotunki.ehdokkaasi.fi\/2010\/04\/28\/veljeskansa-vaarallisilla-poluilla\/\">t\u00e4ss\u00e4 merkinn\u00e4ss\u00e4<\/a>.<\/p>\n<p>K\u00f6yhyys ja kurjuus ovat siis todellisuutta nykyp\u00e4iv\u00e4n Euroopassa varsinkin syrjittyjen kansanryhmien osalta.<\/p>\n<p>Palasin parahiksi kotimaahan keskelle kerj\u00e4l\u00e4iskeskustelua, jossa \u00e4\u00e4nekk\u00e4immin mylviv\u00e4t halpahintaiseen populismiin sortuneet yksil\u00f6t, kuten <a href=\"http:\/\/www.hs.fi\/politiikka\/artikkeli\/Zyskowicz+puolustaa+voimakkaasti+kerj%C3%A4%C3%A4misen+kielt%C3%A4v%C3%A4%C3%A4+lakia\/1135258794041\">kokoomuksen <strong>Ben Zyskowicz<\/strong><\/a>.<\/p>\n<p>En tied\u00e4, onko joku kansallispukuinen kaatanut Zyskowiczin karpalomehun Strindbergin terassilla vai mist\u00e4 nyt on kyse, mutta muualla Euroopassa kokemani perusteella minun on hyvin vaikea pit\u00e4\u00e4 esimerkiksi Helsingin kerj\u00e4l\u00e4istilannetta jotenkin h\u00e4iritsev\u00e4n\u00e4 jokap\u00e4iv\u00e4isen kaupungilla liikkumisen kannalta. Stadissa it\u00e4eurooppalaiset kerj\u00e4l\u00e4iset istuvat useimmiten hiljaa ja n\u00f6yr\u00e4n\u00e4.<\/p>\n<p>Helsingin torit, puistot ja aukiot ovat varsinkin kes\u00e4isin t\u00e4ynn\u00e4 k\u00e4nniss\u00e4 meuhkaavia ord\u00e4\u00e4ji\u00e4, joista on ohikulkijoille ja yksityisomaisuudelle varmasti tuhat kertaa enemm\u00e4n h\u00e4iri\u00f6t\u00e4 kuin rauhallisesta kerj\u00e4l\u00e4isest\u00e4.<\/p>\n<p>Samalla tavalla enemm\u00e4n h\u00e4iri\u00f6it\u00e4 ihmisten liikkumiselle aiheuttavat varmasti erilaiset feissarit tai vaikkapa Kampin keskuksessa itselleen asiakkaita k\u00e4rtt\u00e4v\u00e4t myyntimiehet. Oikeusoppineet ovatkin jo todenneet lakiesityksen sis\u00e4lt\u00e4v\u00e4n suuria ongelmia juuri sallitun ja kielletyn kerj\u00e4\u00e4misen m\u00e4\u00e4rittelyss\u00e4, puhumattakaan lain syrjiv\u00e4st\u00e4 luonteesta.<\/p>\n<p>Kerj\u00e4\u00e4minen ei oikeasti loukkaa kenenk\u00e4\u00e4n perusoikeuksia. H\u00e4iritsev\u00e4\u00e4n k\u00e4ytt\u00e4ytymiseen voi poliisi puuttua julkisilla paikoilla jo olemassa olevan lains\u00e4\u00e4d\u00e4nn\u00f6n puitteissa &#8211; oli kyse sitten kerj\u00e4l\u00e4isest\u00e4 tai vaikkapa ostarilla m\u00f6ykk\u00e4\u00e4v\u00e4st\u00e4 kantasuomalaisesta alkoholistista. H\u00e4iritsev\u00e4n toiminnan kitkemiseen ei siis tarvita erillist\u00e4, uutta lakia, joka kohdistuu vain tiettyyn ihmisryhm\u00e4\u00e4n.<\/p>\n<p>T\u00e4st\u00e4 ei p\u00e4\u00e4osin kokoomusp\u00e4\u00e4tt\u00e4jien ajamassa lakimuutoksessa olekaan kysymys. Kyse on pikemminkin siit\u00e4, ett\u00e4 tietyt tahot haluavat ummistaa silm\u00e4ns\u00e4 kasvavalta eriarvoisuudelta, joka on yht\u00e4 lailla kotimainen kuin eurooppalainenkin ongelma. Ben Z:n ja kumppaneiden mielest\u00e4 t\u00e4m\u00e4 ongelma poistuu, jos se siivotaan katukuvasta pois. Jos ongelma ei n\u00e4y, niin sit\u00e4 ei olemassa eik\u00e4 sit\u00e4 tarvitse ratkaista.<\/p>\n<p>V\u00e4istyneen, vaalirahajunailuissa ryvettyneen p\u00e4\u00e4ministerimme <strong>Matti Vanhasen<\/strong> <a href=\"http:\/\/yle.fi\/uutiset\/talous_ja_politiikka\/2010\/05\/vanhanen_alkaa_antako_rahaa_kerjalaisille_1713031.html\">taannoiset kommentit<\/a> olivat samaa sarjaa kokoomuslaisen populismin kanssa. Vanhasen mielest\u00e4 joillekin ihmisille ep\u00e4miellytt\u00e4vi\u00e4 tunteita her\u00e4tt\u00e4v\u00e4 kansanryhm\u00e4 poistuu kuvioista, jos ihmiset eiv\u00e4t anna kerj\u00e4l\u00e4isille rahaa. (Muistuttaa muuten hieman <a href=\"http:\/\/jaakkoalavuotunki.ehdokkaasi.fi\/2010\/06\/08\/vyorytys-jatkuu\/\"><strong>Bj\u00f6rn Wahlroosin<\/strong> kommentteja k\u00f6yhien perheiden suhteen<\/a>).<\/p>\n<p>Koko jutun pihvi on olemassa olevien faktojen perusteella t\u00e4ysin toisenlainen. Kysymys on eurooppalaisista ihmisoikeuksista ja tasa-arvosta. N\u00e4m\u00e4 ovat huomattavasti suurempia kysymyksi\u00e4 kuin kerj\u00e4\u00e4misen suomalaisille pukumiehille aiheuttama mielipaha.<\/p>\n<p>Eriarvoisuuden siemenet on kylvetty syv\u00e4lle maanosan historiaan ja valitettavasti kuilu kasvaa koko ajan. Olisi syyt\u00e4 kysy\u00e4, miten Suomi ja Euroopan Unioni aikovat toimia romanien ihmis -ja perusoikeuksien toteutumiseksi koko Euroopan alueella. Romanit ovat EU-kansalaisia siin\u00e4 miss\u00e4 muutkin ja heit\u00e4 tulee koskea samat kansalaisoikeudet kuin ket\u00e4 tahansa muutakin ihmisryhm\u00e4\u00e4.<\/p>\n<p>Kyse on siis k\u00f6yhyydest\u00e4 ja syrjinn\u00e4st\u00e4 sek\u00e4 siit\u00e4 miten n\u00e4m\u00e4 ongelmat ratkaistaan. Toinen vaihtoehto on puuttua seurauksiin jo esitettyyn, populistiseen tyyliin ja lakaista ongelmat maton alle. Samalla logiikalla voidaan Suomesta kielt\u00e4\u00e4 my\u00f6s esimerkiksi tulipalot, liikenneonnettomuudet ja psyykkiset ongelmat. Kaikilla olisi turvallisempaa ja yhteiskunnalle tulisi huomattavia s\u00e4\u00e4st\u00f6j\u00e4. Mutta eih\u00e4n se taidakaan toimia ihan n\u00e4in?<\/p>\n<p>PS. Aiheesta kiinnostuneiden kannattaa tutustua ihmisoikeusj\u00e4rjest\u00f6 <a href=\"http:\/\/www.amnesty.fi\/mita-teemme\/romanien-ihmisoikeudet-euroopassa\">Amnesty Internationalin romanikampanjaan<\/a>, joka vaatii Suomen hallitukselta tehokkaita toimia niin EU-tasolla kuin kahdenv\u00e4lisiss\u00e4 suhteissaan Euroopan maihin laajan rakenteellisen syrjinn\u00e4n lopettamiseksi. Lis\u00e4tietoa kampanjasta l\u00f6ytyy Amnestyn sivuilta.<\/p>\n","protected":false},"excerpt":{"rendered":"<p>Helsingin Club Libert\u00e9ss\u00e4 j\u00e4rjestet\u00e4\u00e4n t\u00e4n\u00e4\u00e4n \u00a1Ol\u00e9 romani! -tilaisuus. Etel\u00e4-Suomen Vasemmistonuorten j\u00e4rjest\u00e4m\u00e4ss\u00e4 tapahtumassa keskustellaan Euroopan ja Suomen romaneiden kohtaamasta syrjinn\u00e4st\u00e4. Vaikutan nykyisin enenev\u00e4ss\u00e4 m\u00e4\u00e4rin Oulun suunnalla, joten n\u00e4m\u00e4 kemut j\u00e4\u00e4v\u00e4t valitettavasti v\u00e4liin. Suosittelen kuitenkin paikalle menemist\u00e4, mik\u00e4li asia kiinnostaa ja Helsingiss\u00e4&#46;&#46;&#46;<\/p>\n","protected":false},"author":2,"featured_media":251,"comment_status":"open","ping_status":"open","sticky":false,"template":"","format":"standard","meta":{"om_disable_all_campaigns":false,"_monsterinsights_skip_tracking":false,"_monsterinsights_sitenote_active":false,"_monsterinsights_sitenote_note":"","_monsterinsights_sitenote_category":0,"footnotes":""},"categories":[4,5],"tags":[114,172,197,941,578,621,638,796,842],"class_list":["post-263","post","type-post","status-publish","format-standard","has-post-thumbnail","hentry","category-politiikka","category-yleinen","tag-eriarvoisuus","tag-helsinki","tag-ihmisoikeudet","tag-italia","tag-populismi","tag-rasismi","tag-romanit","tag-unkari","tag-vasemmistonuoret"],"yoast_head":"<!-- This site is optimized with the Yoast SEO plugin v16.3 - https:\/\/yoast.com\/wordpress\/plugins\/seo\/ -->\n<title>Kahden kastin Eurooppa - Jaakko Alavuotunki<\/title>\n<meta name=\"robots\" content=\"index, follow, max-snippet:-1, max-image-preview:large, max-video-preview:-1\" \/>\n<link rel=\"canonical\" href=\"http:\/\/jaakkoalavuotunki.fi\/wp\/2010\/08\/10\/kahden-kastin-eurooppa\/\" \/>\n<meta property=\"og:locale\" content=\"fi_FI\" \/>\n<meta property=\"og:type\" content=\"article\" \/>\n<meta property=\"og:title\" content=\"Kahden kastin Eurooppa - Jaakko Alavuotunki\" \/>\n<meta property=\"og:description\" content=\"Helsingin Club Libert\u00e9ss\u00e4 j\u00e4rjestet\u00e4\u00e4n t\u00e4n\u00e4\u00e4n \u00a1Ol\u00e9 romani! -tilaisuus. Etel\u00e4-Suomen Vasemmistonuorten j\u00e4rjest\u00e4m\u00e4ss\u00e4 tapahtumassa keskustellaan Euroopan ja Suomen romaneiden kohtaamasta syrjinn\u00e4st\u00e4. Vaikutan nykyisin enenev\u00e4ss\u00e4 m\u00e4\u00e4rin Oulun suunnalla, joten n\u00e4m\u00e4 kemut j\u00e4\u00e4v\u00e4t valitettavasti v\u00e4liin. Suosittelen kuitenkin paikalle menemist\u00e4, mik\u00e4li asia kiinnostaa ja Helsingiss\u00e4&#046;&#046;&#046;\" \/>\n<meta property=\"og:url\" content=\"http:\/\/jaakkoalavuotunki.fi\/wp\/2010\/08\/10\/kahden-kastin-eurooppa\/\" \/>\n<meta property=\"og:site_name\" content=\"Jaakko Alavuotunki\" \/>\n<meta property=\"article:published_time\" content=\"2010-08-10T12:00:27+00:00\" \/>\n<meta property=\"article:modified_time\" content=\"2014-01-10T15:50:44+00:00\" \/>\n<meta property=\"og:image\" content=\"http:\/\/jaakkoalavuotunki.fi\/wp\/wp-content\/uploads\/2010\/04\/210.jpg\" \/>\n\t<meta property=\"og:image:width\" content=\"210\" \/>\n\t<meta property=\"og:image:height\" content=\"113\" \/>\n<meta name=\"twitter:card\" content=\"summary_large_image\" \/>\n<meta name=\"twitter:label1\" content=\"Arvioitu lukuaika\">\n\t<meta name=\"twitter:data1\" content=\"4 minuuttia\">\n<script type=\"application\/ld+json\" class=\"yoast-schema-graph\">{\"@context\":\"https:\/\/schema.org\",\"@graph\":[{\"@type\":\"WebSite\",\"@id\":\"http:\/\/jaakkoalavuotunki.fi\/wp\/#website\",\"url\":\"http:\/\/jaakkoalavuotunki.fi\/wp\/\",\"name\":\"Jaakko Alavuotunki\",\"description\":\"\",\"potentialAction\":[{\"@type\":\"SearchAction\",\"target\":\"http:\/\/jaakkoalavuotunki.fi\/wp\/?s={search_term_string}\",\"query-input\":\"required name=search_term_string\"}],\"inLanguage\":\"fi\"},{\"@type\":\"ImageObject\",\"@id\":\"http:\/\/jaakkoalavuotunki.fi\/wp\/2010\/08\/10\/kahden-kastin-eurooppa\/#primaryimage\",\"inLanguage\":\"fi\",\"url\":\"http:\/\/jaakkoalavuotunki.fi\/wp\/wp-content\/uploads\/2010\/04\/210.jpg\",\"contentUrl\":\"http:\/\/jaakkoalavuotunki.fi\/wp\/wp-content\/uploads\/2010\/04\/210.jpg\",\"width\":210,\"height\":113},{\"@type\":\"WebPage\",\"@id\":\"http:\/\/jaakkoalavuotunki.fi\/wp\/2010\/08\/10\/kahden-kastin-eurooppa\/#webpage\",\"url\":\"http:\/\/jaakkoalavuotunki.fi\/wp\/2010\/08\/10\/kahden-kastin-eurooppa\/\",\"name\":\"Kahden kastin Eurooppa - Jaakko Alavuotunki\",\"isPartOf\":{\"@id\":\"http:\/\/jaakkoalavuotunki.fi\/wp\/#website\"},\"primaryImageOfPage\":{\"@id\":\"http:\/\/jaakkoalavuotunki.fi\/wp\/2010\/08\/10\/kahden-kastin-eurooppa\/#primaryimage\"},\"datePublished\":\"2010-08-10T12:00:27+00:00\",\"dateModified\":\"2014-01-10T15:50:44+00:00\",\"author\":{\"@id\":\"http:\/\/jaakkoalavuotunki.fi\/wp\/#\/schema\/person\/91fa02a01d9d34732cff04a07fb62739\"},\"breadcrumb\":{\"@id\":\"http:\/\/jaakkoalavuotunki.fi\/wp\/2010\/08\/10\/kahden-kastin-eurooppa\/#breadcrumb\"},\"inLanguage\":\"fi\",\"potentialAction\":[{\"@type\":\"ReadAction\",\"target\":[\"http:\/\/jaakkoalavuotunki.fi\/wp\/2010\/08\/10\/kahden-kastin-eurooppa\/\"]}]},{\"@type\":\"BreadcrumbList\",\"@id\":\"http:\/\/jaakkoalavuotunki.fi\/wp\/2010\/08\/10\/kahden-kastin-eurooppa\/#breadcrumb\",\"itemListElement\":[{\"@type\":\"ListItem\",\"position\":1,\"item\":{\"@type\":\"WebPage\",\"@id\":\"http:\/\/jaakkoalavuotunki.fi\/wp\/\",\"url\":\"http:\/\/jaakkoalavuotunki.fi\/wp\/\",\"name\":\"Etusivu\"}},{\"@type\":\"ListItem\",\"position\":2,\"item\":{\"@id\":\"http:\/\/jaakkoalavuotunki.fi\/wp\/2010\/08\/10\/kahden-kastin-eurooppa\/#webpage\"}}]},{\"@type\":\"Person\",\"@id\":\"http:\/\/jaakkoalavuotunki.fi\/wp\/#\/schema\/person\/91fa02a01d9d34732cff04a07fb62739\",\"name\":\"Jaakko Alavuotunki\",\"image\":{\"@type\":\"ImageObject\",\"@id\":\"http:\/\/jaakkoalavuotunki.fi\/wp\/#personlogo\",\"inLanguage\":\"fi\",\"url\":\"https:\/\/secure.gravatar.com\/avatar\/7c07730103e45e226868477adf70ac7de2c14f85962a005498b4a5e7333958c2?s=96&d=mm&r=g\",\"contentUrl\":\"https:\/\/secure.gravatar.com\/avatar\/7c07730103e45e226868477adf70ac7de2c14f85962a005498b4a5e7333958c2?s=96&d=mm&r=g\",\"caption\":\"Jaakko Alavuotunki\"},\"url\":\"http:\/\/jaakkoalavuotunki.fi\/wp\/author\/jaakko\/\"}]}<\/script>\n<!-- \/ Yoast SEO plugin. -->","_links":{"self":[{"href":"http:\/\/jaakkoalavuotunki.fi\/wp\/wp-json\/wp\/v2\/posts\/263","targetHints":{"allow":["GET"]}}],"collection":[{"href":"http:\/\/jaakkoalavuotunki.fi\/wp\/wp-json\/wp\/v2\/posts"}],"about":[{"href":"http:\/\/jaakkoalavuotunki.fi\/wp\/wp-json\/wp\/v2\/types\/post"}],"author":[{"embeddable":true,"href":"http:\/\/jaakkoalavuotunki.fi\/wp\/wp-json\/wp\/v2\/users\/2"}],"replies":[{"embeddable":true,"href":"http:\/\/jaakkoalavuotunki.fi\/wp\/wp-json\/wp\/v2\/comments?post=263"}],"version-history":[{"count":1,"href":"http:\/\/jaakkoalavuotunki.fi\/wp\/wp-json\/wp\/v2\/posts\/263\/revisions"}],"predecessor-version":[{"id":515,"href":"http:\/\/jaakkoalavuotunki.fi\/wp\/wp-json\/wp\/v2\/posts\/263\/revisions\/515"}],"wp:featuredmedia":[{"embeddable":true,"href":"http:\/\/jaakkoalavuotunki.fi\/wp\/wp-json\/wp\/v2\/media\/251"}],"wp:attachment":[{"href":"http:\/\/jaakkoalavuotunki.fi\/wp\/wp-json\/wp\/v2\/media?parent=263"}],"wp:term":[{"taxonomy":"category","embeddable":true,"href":"http:\/\/jaakkoalavuotunki.fi\/wp\/wp-json\/wp\/v2\/categories?post=263"},{"taxonomy":"post_tag","embeddable":true,"href":"http:\/\/jaakkoalavuotunki.fi\/wp\/wp-json\/wp\/v2\/tags?post=263"}],"curies":[{"name":"wp","href":"https:\/\/api.w.org\/{rel}","templated":true}]}}