{"id":210,"date":"2009-10-20T20:55:14","date_gmt":"2009-10-20T18:55:14","guid":{"rendered":"http:\/\/jaakkoalavuotunki.ehdokkaasi.fi\/?p=210"},"modified":"2014-01-10T20:11:11","modified_gmt":"2014-01-10T20:11:11","slug":"rouvat-ja-herrat-paaministerit","status":"publish","type":"post","link":"http:\/\/jaakkoalavuotunki.fi\/wp\/2009\/10\/20\/rouvat-ja-herrat-paaministerit\/","title":{"rendered":"Rouvat ja herrat p\u00e4\u00e4ministerit"},"content":{"rendered":"<p>Eilisiltana koitti etuk\u00e4teen kohutun tv-elokuva <em>P\u00e4\u00e4ministerin<\/em> ensi-ilta. Tokihan raina piti katsoa ja kyll\u00e4: p\u00e4tk\u00e4 her\u00e4tti runsaasti ajatuksia. Faktaa ja fiktiota sekoittaneessa elokuvassa kerrattiin vuoden 2003 Irakgateksi nimetyn asiakirjaskandaalin tapahtumat silloisen keskustajohtajan ja p\u00e4\u00e4ministerin <strong>Anneli J\u00e4\u00e4tteenm\u00e4en<\/strong> n\u00e4k\u00f6kulmasta.<\/p>\n<p>J\u00e4\u00e4tteenm\u00e4en p\u00e4\u00e4ministerikausi j\u00e4i vain 68 p\u00e4iv\u00e4n mittaiseksi niin sanotun Irak-vuodon paljastuttua. J\u00e4\u00e4tteenm\u00e4ki antoi julkisuuteen salaisiksi luokiteltuja tietoja <strong>Paavo Lipposen<\/strong> ja Yhdysvaltain presidentin <strong>George W. Bushin<\/strong> tulevaa Irakin sotaa koskevista keskusteluista. Demarimooses oli luvannut Suomen tuen valheellisin perustein tehdylle hy\u00f6kk\u00e4ykselle, jota johti Yhdysvaltojen luotsaama koalitio.<\/p>\n<p><img loading=\"lazy\" decoding=\"async\" alt=\"\" src=\"http:\/\/jaakkoalavuotunki.fi\/wp\/wp-content\/uploads\/2009\/10\/61857.jpg\" width=\"200\" height=\"150\" align=\"left\" border=\"3\" hspace=\"3\" vspace=\"0\" \/>Moni on ihmetellyt j\u00e4lkeenp\u00e4in miksi J\u00e4\u00e4tteenm\u00e4en valehtelu asiassa nousi julkisuudessa tapauksen r\u00e4ikeimm\u00e4ksi rikokseksi. T\u00e4t\u00e4 mietin my\u00f6s itsekin. Opportunistina ja itsevaltaisena johtajana tunnettu Lipponen salasi merkitt\u00e4v\u00e4n ulkopoliittisen p\u00e4\u00e4t\u00f6ksen kansalaisilta toimien asiassa t\u00e4ysin omavaltaisesti. N\u00e4ist\u00e4 tapahtumista ei ole k\u00e4yty J\u00e4\u00e4tteenm\u00e4en eron j\u00e4lkeen juurikaan kriittist\u00e4 keskustelua. <a href=\"http:\/\/www.hs.fi\/kulttuuri\/artikkeli\/Tv-elokuva+Suomen+ensimm%C3%A4isest%C3%A4+naisp%C3%A4%C3%A4ministerist%C3%A4+on+t%C3%A4sm%C3%A4osuma\/1135250118593\">HS:n arviossa<\/a> todetaan elokuvan kysyv\u00e4n j\u00e4lkiviisaasti, eik\u00f6 J\u00e4\u00e4tteenm\u00e4ki ollutkin oikeassa ennakoidessaan Irakin sodan tulevia tapahtumia ja ihmetelless\u00e4\u00e4n Suomen roolia USA:n johtamassa koalitiossa.<\/p>\n<p>Elokuva tekee J\u00e4\u00e4tteenm\u00e4est\u00e4 marttyyrin v\u00e4lill\u00e4 h\u00e4iritsev\u00e4\u00e4nkin tapaan, mutta tuo samalla selv\u00e4sti esiin ex-p\u00e4\u00e4ministerin todella harmaalla alueella liikkuvat menettelytavat tiedonhankinnassa. <em>P\u00e4\u00e4ministerin<\/em> J\u00e4\u00e4tteenm\u00e4ki hamuaa sek\u00e4 oikeutta ett\u00e4 vaalivoiton my\u00f6t\u00e4 saavutettavaa valtaa.<\/p>\n<p>Vaikka elokuvan taiteellisista ansioista voikin olla montaa mielt\u00e4, minusta on hienoa, ett\u00e4 Suomessa on her\u00e4tty tekem\u00e4\u00e4n aivan uudenlaista poliittista elokuvaa ja satiiria. P\u00e4\u00e4tt\u00e4ji\u00e4 ei tarvitse k\u00e4sitell\u00e4 en\u00e4\u00e4 silkkihansikkain ja rohkeita tulkintoja voidaan tehd\u00e4 vapaasti. <strong>Jari Tervon<\/strong> teos <em>Koljatti<\/em>, jossa seikkaileva surkuhupaisa p\u00e4\u00e4ministeri Pekka Lahnanen muistuttaa erehdytt\u00e4v\u00e4sti nykyist\u00e4 p\u00e4\u00e4ministeri\u00e4mme, on my\u00f6s hyv\u00e4 osoitus t\u00e4st\u00e4.<\/p>\n<p>Tilanne oli toinen viel\u00e4 vajaa kaksikymment\u00e4 vuotta sitten. Kansakunnan johtohahmo, vakavasti sairastunut <strong>Urho Kekkonen<\/strong> muistutti 1980-luvun alussa l\u00e4hinn\u00e4 k\u00e4velev\u00e4\u00e4 ruumista, mutta presidentin heikentyv\u00e4\u00e4 tilaa ei voitu k\u00e4sitell\u00e4 julkisesti miss\u00e4\u00e4n. UKK hallitsi esikuntineen tiukasti suomalaista mediaa ja kulissit pysyiv\u00e4t pystyss\u00e4.<\/p>\n<p>Uudenlaisen mediakulttuurin syntymisest\u00e4 huolimatta osa p\u00e4\u00e4tt\u00e4jist\u00e4mme luulee edelleenkin olevansa kaiken arvostelun yl\u00e4puolella. Er\u00e4\u00e4nlainen Kekkos-syndrooma vaivaa ainakin p\u00e4\u00e4ministeri <strong>Matti Vanhasta<\/strong>, joka ilmoitti sunnuntaina p\u00e4\u00e4ministerin kyselytunnilla pokkana olevansa t\u00e4ll\u00e4 hetkell\u00e4 suositumpi kuin koskaan, korruptioep\u00e4ilyist\u00e4 huolimatta.<\/p>\n<p>On vaikeaa kuvitella ylimielisemp\u00e4\u00e4 kommenttia tilanteessa, jossa koko edustuksellisen demokratian uskottavuus on vaakalaudalla poliittista p\u00e4\u00e4t\u00f6ksentekoa j\u00e4yt\u00e4v\u00e4n korruption paljastuessa kaikessa raadollisuudessaan kansalle. Vanhanen haastaa nyt tosissaan ex-p\u00e4\u00e4ministeri Paavo Lipposen kilpailussa siit\u00e4, kumpi on kaudellaan ylimielisempi poliittinen johtaja. Ja p\u00e4\u00e4 pysyy pinnalla, kaikesta huolimatta.<\/p>\n<p>S\u00e4\u00e4nn\u00f6t eiv\u00e4t ole siis samoja kaikille. J\u00e4\u00e4tteenm\u00e4ki joutui eroamaan valehtelun vuoksi, mutta nykyinen valtakunnan ykk\u00f6spamppu saa jatkaa sekoiluaan, tapahtui kulisseissa sitten mit\u00e4 tahansa.<\/p>\n<p>Vanhasen (ja Lipposen) tapa toimia on jatkumoa suomettumisen aikana sementoituneille suomalaisen politiikan p\u00f6yt\u00e4tavoille. \u201dKansakunnan viisaat is\u00e4t\u201d p\u00e4\u00e4tt\u00e4v\u00e4t keskuudessaan ilman julkista keskustelua asioista, jotka tuodaan ulos v\u00e4ltt\u00e4m\u00e4tt\u00f6myyksin\u00e4. Nopeat, ainakin nimellisesti konsensukseen perustuvat p\u00e4\u00e4t\u00f6kset ovat t\u00e4ss\u00e4 mallissa harkintaa ja laajaa debattia t\u00e4rke\u00e4mpi\u00e4. Kansan ei tarvitse tiet\u00e4\u00e4 oikeastaan mist\u00e4\u00e4n mit\u00e4\u00e4n, sokea luottamus vaaleilla valittuihin p\u00e4\u00e4tt\u00e4jiin riitt\u00e4\u00e4. T\u00e4m\u00e4 oli yksi sivujuonne my\u00f6s maanantain elokuvassa.<\/p>\n<p>Tapoihin kuuluu, ett\u00e4 vallan keski\u00f6ss\u00e4 patsastelevat v\u00e4hint\u00e4\u00e4n keski-ik\u00e4\u00e4 l\u00e4hestyv\u00e4t miehet. Nuorille ja naisille ei siell\u00e4 ole tilaa. My\u00f6s t\u00e4ss\u00e4 <em>P\u00e4\u00e4ministeri<\/em> osuu napakymppiin ruotiessaan varsin osuvasti keskustapuolueen sis\u00e4isi\u00e4 valtaklikkej\u00e4. Vaikka elokuvan dialogi oli fiktiivist\u00e4, sen v\u00e4litt\u00e4m\u00e4 n\u00e4kemys sattuu harvinaisen hyvin maaliinsa &#8211; varsinkin nykyisen skandaalink\u00e4ryisen tilanteen valossa. Veljet ovat hyvi\u00e4 ja sauna l\u00e4mpi\u00e4\u00e4.<\/p>\n<p>T\u00e4ll\u00e4 hetkell\u00e4 n\u00e4ytt\u00e4\u00e4 silt\u00e4, ett\u00e4 nykyist\u00e4 ykk\u00f6sketjua ei kaada kovinkaan poliittinen hirmumyrsky. Ainakin p\u00e4\u00e4ministeri pomppii viel\u00e4 pinnalla kuin muovinen siideripullo Kolera-altaassa viikonlopun hulinoiden j\u00e4lkeen.<\/p>\n<p>PS. T\u00e4h\u00e4n loppuun sopii hyvin linkki tiedotteeseen Opiskelijatoiminnan t\u00e4m\u00e4np\u00e4iv\u00e4isest\u00e4 tempauksesta: <a href=\"http:\/\/opiskelijatoiminta.net\/2009\/10\/20\/opiskelijat-juhlivat-paaministerin-eroa\/\">http:\/\/opiskelijatoiminta.net\/2009\/10\/20\/opiskelijat-juhlivat-paaministerin-eroa\/<\/a><\/p>\n","protected":false},"excerpt":{"rendered":"<p>Eilisiltana koitti etuk\u00e4teen kohutun tv-elokuva P\u00e4\u00e4ministerin ensi-ilta. Tokihan raina piti katsoa ja kyll\u00e4: p\u00e4tk\u00e4 her\u00e4tti runsaasti ajatuksia. Faktaa ja fiktiota sekoittaneessa elokuvassa kerrattiin vuoden 2003 Irakgateksi nimetyn asiakirjaskandaalin tapahtumat silloisen keskustajohtajan ja p\u00e4\u00e4ministerin Anneli J\u00e4\u00e4tteenm\u00e4en n\u00e4k\u00f6kulmasta. J\u00e4\u00e4tteenm\u00e4en p\u00e4\u00e4ministerikausi j\u00e4i vain&#46;&#46;&#46;<\/p>\n","protected":false},"author":2,"featured_media":211,"comment_status":"open","ping_status":"open","sticky":false,"template":"","format":"standard","meta":{"om_disable_all_campaigns":false,"_monsterinsights_skip_tracking":false,"_monsterinsights_sitenote_active":false,"_monsterinsights_sitenote_note":"","_monsterinsights_sitenote_category":0,"footnotes":""},"categories":[4,5],"tags":[207,515,735],"class_list":["post-210","post","type-post","status-publish","format-standard","has-post-thumbnail","hentry","category-politiikka","category-yleinen","tag-irak","tag-paaministeri","tag-tasa-arvo"],"yoast_head":"<!-- This site is optimized with the Yoast SEO plugin v16.3 - https:\/\/yoast.com\/wordpress\/plugins\/seo\/ -->\n<title>Rouvat ja herrat p\u00e4\u00e4ministerit - Jaakko Alavuotunki<\/title>\n<meta name=\"robots\" content=\"index, follow, max-snippet:-1, max-image-preview:large, max-video-preview:-1\" \/>\n<link rel=\"canonical\" href=\"https:\/\/jaakkoalavuotunki.fi\/wp\/2009\/10\/20\/rouvat-ja-herrat-paaministerit\/\" \/>\n<meta property=\"og:locale\" content=\"fi_FI\" \/>\n<meta property=\"og:type\" content=\"article\" \/>\n<meta property=\"og:title\" content=\"Rouvat ja herrat p\u00e4\u00e4ministerit - Jaakko Alavuotunki\" \/>\n<meta property=\"og:description\" content=\"Eilisiltana koitti etuk\u00e4teen kohutun tv-elokuva P\u00e4\u00e4ministerin ensi-ilta. Tokihan raina piti katsoa ja kyll\u00e4: p\u00e4tk\u00e4 her\u00e4tti runsaasti ajatuksia. Faktaa ja fiktiota sekoittaneessa elokuvassa kerrattiin vuoden 2003 Irakgateksi nimetyn asiakirjaskandaalin tapahtumat silloisen keskustajohtajan ja p\u00e4\u00e4ministerin Anneli J\u00e4\u00e4tteenm\u00e4en n\u00e4k\u00f6kulmasta. J\u00e4\u00e4tteenm\u00e4en p\u00e4\u00e4ministerikausi j\u00e4i vain&#046;&#046;&#046;\" \/>\n<meta property=\"og:url\" content=\"https:\/\/jaakkoalavuotunki.fi\/wp\/2009\/10\/20\/rouvat-ja-herrat-paaministerit\/\" \/>\n<meta property=\"og:site_name\" content=\"Jaakko Alavuotunki\" \/>\n<meta property=\"article:published_time\" content=\"2009-10-20T18:55:14+00:00\" \/>\n<meta property=\"article:modified_time\" content=\"2014-01-10T20:11:11+00:00\" \/>\n<meta property=\"og:image\" content=\"http:\/\/jaakkoalavuotunki.fi\/wp\/wp-content\/uploads\/2009\/10\/61857.jpg\" \/>\n\t<meta property=\"og:image:width\" content=\"200\" \/>\n\t<meta property=\"og:image:height\" content=\"150\" \/>\n<meta name=\"twitter:card\" content=\"summary_large_image\" \/>\n<meta name=\"twitter:label1\" content=\"Arvioitu lukuaika\">\n\t<meta name=\"twitter:data1\" content=\"3 minuuttia\">\n<script type=\"application\/ld+json\" class=\"yoast-schema-graph\">{\"@context\":\"https:\/\/schema.org\",\"@graph\":[{\"@type\":\"WebSite\",\"@id\":\"http:\/\/jaakkoalavuotunki.fi\/wp\/#website\",\"url\":\"http:\/\/jaakkoalavuotunki.fi\/wp\/\",\"name\":\"Jaakko Alavuotunki\",\"description\":\"\",\"potentialAction\":[{\"@type\":\"SearchAction\",\"target\":\"http:\/\/jaakkoalavuotunki.fi\/wp\/?s={search_term_string}\",\"query-input\":\"required name=search_term_string\"}],\"inLanguage\":\"fi\"},{\"@type\":\"ImageObject\",\"@id\":\"https:\/\/jaakkoalavuotunki.fi\/wp\/2009\/10\/20\/rouvat-ja-herrat-paaministerit\/#primaryimage\",\"inLanguage\":\"fi\",\"url\":\"http:\/\/jaakkoalavuotunki.fi\/wp\/wp-content\/uploads\/2009\/10\/61857.jpg\",\"contentUrl\":\"http:\/\/jaakkoalavuotunki.fi\/wp\/wp-content\/uploads\/2009\/10\/61857.jpg\",\"width\":200,\"height\":150},{\"@type\":\"WebPage\",\"@id\":\"https:\/\/jaakkoalavuotunki.fi\/wp\/2009\/10\/20\/rouvat-ja-herrat-paaministerit\/#webpage\",\"url\":\"https:\/\/jaakkoalavuotunki.fi\/wp\/2009\/10\/20\/rouvat-ja-herrat-paaministerit\/\",\"name\":\"Rouvat ja herrat p\\u00e4\\u00e4ministerit - Jaakko Alavuotunki\",\"isPartOf\":{\"@id\":\"http:\/\/jaakkoalavuotunki.fi\/wp\/#website\"},\"primaryImageOfPage\":{\"@id\":\"https:\/\/jaakkoalavuotunki.fi\/wp\/2009\/10\/20\/rouvat-ja-herrat-paaministerit\/#primaryimage\"},\"datePublished\":\"2009-10-20T18:55:14+00:00\",\"dateModified\":\"2014-01-10T20:11:11+00:00\",\"author\":{\"@id\":\"http:\/\/jaakkoalavuotunki.fi\/wp\/#\/schema\/person\/91fa02a01d9d34732cff04a07fb62739\"},\"breadcrumb\":{\"@id\":\"https:\/\/jaakkoalavuotunki.fi\/wp\/2009\/10\/20\/rouvat-ja-herrat-paaministerit\/#breadcrumb\"},\"inLanguage\":\"fi\",\"potentialAction\":[{\"@type\":\"ReadAction\",\"target\":[\"https:\/\/jaakkoalavuotunki.fi\/wp\/2009\/10\/20\/rouvat-ja-herrat-paaministerit\/\"]}]},{\"@type\":\"BreadcrumbList\",\"@id\":\"https:\/\/jaakkoalavuotunki.fi\/wp\/2009\/10\/20\/rouvat-ja-herrat-paaministerit\/#breadcrumb\",\"itemListElement\":[{\"@type\":\"ListItem\",\"position\":1,\"item\":{\"@type\":\"WebPage\",\"@id\":\"http:\/\/jaakkoalavuotunki.fi\/wp\/\",\"url\":\"http:\/\/jaakkoalavuotunki.fi\/wp\/\",\"name\":\"Etusivu\"}},{\"@type\":\"ListItem\",\"position\":2,\"item\":{\"@id\":\"https:\/\/jaakkoalavuotunki.fi\/wp\/2009\/10\/20\/rouvat-ja-herrat-paaministerit\/#webpage\"}}]},{\"@type\":\"Person\",\"@id\":\"http:\/\/jaakkoalavuotunki.fi\/wp\/#\/schema\/person\/91fa02a01d9d34732cff04a07fb62739\",\"name\":\"Jaakko Alavuotunki\",\"image\":{\"@type\":\"ImageObject\",\"@id\":\"http:\/\/jaakkoalavuotunki.fi\/wp\/#personlogo\",\"inLanguage\":\"fi\",\"url\":\"https:\/\/secure.gravatar.com\/avatar\/7c07730103e45e226868477adf70ac7de2c14f85962a005498b4a5e7333958c2?s=96&d=mm&r=g\",\"contentUrl\":\"https:\/\/secure.gravatar.com\/avatar\/7c07730103e45e226868477adf70ac7de2c14f85962a005498b4a5e7333958c2?s=96&d=mm&r=g\",\"caption\":\"Jaakko Alavuotunki\"},\"url\":\"http:\/\/jaakkoalavuotunki.fi\/wp\/author\/jaakko\/\"}]}<\/script>\n<!-- \/ Yoast SEO plugin. -->","_links":{"self":[{"href":"http:\/\/jaakkoalavuotunki.fi\/wp\/wp-json\/wp\/v2\/posts\/210","targetHints":{"allow":["GET"]}}],"collection":[{"href":"http:\/\/jaakkoalavuotunki.fi\/wp\/wp-json\/wp\/v2\/posts"}],"about":[{"href":"http:\/\/jaakkoalavuotunki.fi\/wp\/wp-json\/wp\/v2\/types\/post"}],"author":[{"embeddable":true,"href":"http:\/\/jaakkoalavuotunki.fi\/wp\/wp-json\/wp\/v2\/users\/2"}],"replies":[{"embeddable":true,"href":"http:\/\/jaakkoalavuotunki.fi\/wp\/wp-json\/wp\/v2\/comments?post=210"}],"version-history":[{"count":2,"href":"http:\/\/jaakkoalavuotunki.fi\/wp\/wp-json\/wp\/v2\/posts\/210\/revisions"}],"predecessor-version":[{"id":540,"href":"http:\/\/jaakkoalavuotunki.fi\/wp\/wp-json\/wp\/v2\/posts\/210\/revisions\/540"}],"wp:featuredmedia":[{"embeddable":true,"href":"http:\/\/jaakkoalavuotunki.fi\/wp\/wp-json\/wp\/v2\/media\/211"}],"wp:attachment":[{"href":"http:\/\/jaakkoalavuotunki.fi\/wp\/wp-json\/wp\/v2\/media?parent=210"}],"wp:term":[{"taxonomy":"category","embeddable":true,"href":"http:\/\/jaakkoalavuotunki.fi\/wp\/wp-json\/wp\/v2\/categories?post=210"},{"taxonomy":"post_tag","embeddable":true,"href":"http:\/\/jaakkoalavuotunki.fi\/wp\/wp-json\/wp\/v2\/tags?post=210"}],"curies":[{"name":"wp","href":"https:\/\/api.w.org\/{rel}","templated":true}]}}